{"id":68678,"date":"2019-11-27T04:29:06","date_gmt":"2019-11-27T09:29:06","guid":{"rendered":"https:\/\/linitiative.ca\/International\/rapport-international-idea-la-tunisie-classee-parmi-les-25-des-pays-qui-vivent-en-democratie\/"},"modified":"2019-11-27T04:29:06","modified_gmt":"2019-11-27T09:29:06","slug":"rapport-international-idea-la-tunisie-classee-parmi-les-25-des-pays-qui-vivent-en-democratie","status":"publish","type":"post","link":"https:\/\/linitiative.ca\/International\/rapport-international-idea-la-tunisie-classee-parmi-les-25-des-pays-qui-vivent-en-democratie\/","title":{"rendered":"Rapport International IDEA : La Tunisie class\u00e9e parmi les 25% des pays qui vivent en d\u00e9mocratie"},"content":{"rendered":"<p>Le directeur des programmes pour l\u2019Afrique du nord et le Moyen-Orient \u00e0 l\u2019Institut international pour la d\u00e9mocratie et l\u2019assistance \u00e9lectorale (International IDEA), SherifAlaa a indiqu\u00e9, lundi \u00e0 Tunis, que le rapport de l\u2019Institut pour 2019 sur l\u2019\u00e9tat de la d\u00e9mocratie dans le monde, classe la Tunisie parmi les 25% des pays qui vivent en d\u00e9mocratie.<\/p>\n<p>S\u2019exprimant au cours d\u2019une conf\u00e9rence organis\u00e9e ce lundi par IDEA Tunisie \u00e0 l\u2019occasion de la publication du rapport r\u00e9gional sur l\u2019\u00e9tat de la d\u00e9mocratie dans le monde pour 2019, SherifAlaa a d\u00e9clar\u00e9 que ce rapport s\u2019articule autour de cinq indicateurs: Des gouvernements repr\u00e9sentatifs, Contr\u00f4le du pouvoir ex\u00e9cutif, participation \u00e0 la vie publique et politique, droits et libert\u00e9s fondamentales et neutralit\u00e9 de l\u2019administration.<\/p>\n<p>Selon lui, le rapport montre que la Tunisie a r\u00e9ussi \u00e0 d\u00e9passer la moyenne en ce qui concerne l\u2019indicateur D\u00e9mocratie dans la r\u00e9gion et en Afrique car \u00ab elle a enregistr\u00e9 une \u00e9volution notable selon les indicateurs du rapport \u00bb.<\/p>\n<p>Intervenant sur \u00ab La mont\u00e9e du populisme et le mod\u00e8le de gouvernance de l\u2019homme fort \u00bb en r\u00e9f\u00e9rence au rapport IDEA sur l\u2019\u00e9tat de la d\u00e9mocratie dans le monde (2019), le directeur adjoint de Columbia Global Center \u00e0 Tunis, Youssef Cherif a d\u00e9clar\u00e9 que le populisme n\u2019est pas un ph\u00e9nom\u00e8ne nouveau mais remonte \u00e0 plus de 200 ans. Un ph\u00e9nom\u00e8ne qui resurgit dans le monde ces derni\u00e8res ann\u00e9es, estime-t-il.<\/p>\n<p>D\u2019apr\u00e8s lui, on ne peut pas parler de mont\u00e9e de populisme en Tunisie d\u00e8s lors que les \u00e9lections viennent de s\u2019achever, notant que la notion de populisme n\u2019a pas \u00e9t\u00e9 d\u00e9finie dans le monde arabe.<\/p>\n<p class=\"dpsp-share-text\">Partager c&rsquo;est aimer!<\/p>\n<div class=\"wp-post-author-wrap wp-post-author-shortcode left\">\n<h3 class=\"awpa-title\"\/>\n<div class=\"wp-post-author\">\n<div class=\"awpa-img awpa-author-block square\"><a href=\"http:\/\/lexpertjournal.net\/fr\/author\/expert\/\"><img loading=\"lazy\" decoding=\"async\" alt=\"\" src=\"http:\/\/2.gravatar.com\/avatar\/56d99be2a6f97af88ccb49fada637fcd?s=150&#038;d=mm&#038;r=g\" srcset=\"http:\/\/2.gravatar.com\/avatar\/56d99be2a6f97af88ccb49fada637fcd?s=300&#038;d=mm&#038;r=g 2x\" class=\"avatar avatar-150 photo\" height=\"150\" width=\"150\"\/><\/a><\/div>\n<\/div>\n<\/div>\n<p>Auteur: L&rsquo;expert<br \/>\n<a href=\"http:\/\/lexpertjournal.net\/fr\/2019\/11\/27\/rapport-international-idea-la-tunisie-classee-parmi-les-25-des-pays-qui-vivent-en-democratie\/\">Cliquez ici pour lire l&rsquo;article depuis sa source.<\/a><\/p>\n","protected":false},"excerpt":{"rendered":"<p>Le directeur des programmes pour l\u2019Afrique du nord et le Moyen-Orient \u00e0 l\u2019Institut international pour la d\u00e9mocratie et l\u2019assistance \u00e9lectorale (International IDEA), SherifAlaa a indiqu\u00e9, lundi \u00e0 Tunis, que le rapport de l\u2019Institut pour 2019 sur l\u2019\u00e9tat de la d\u00e9mocratie dans le monde, classe la Tunisie parmi les 25% des pays qui vivent en d\u00e9mocratie. [&hellip;]<\/p>\n","protected":false},"author":1775,"featured_media":0,"comment_status":"closed","ping_status":"closed","sticky":false,"template":"","format":"standard","meta":{"fifu_image_url":"","fifu_image_alt":"","footnotes":""},"categories":[78,55],"tags":[],"class_list":["post-68678","post","type-post","status-publish","format-standard","hentry","category-economie","category-tunisie"],"_links":{"self":[{"href":"https:\/\/linitiative.ca\/International\/wp-json\/wp\/v2\/posts\/68678","targetHints":{"allow":["GET"]}}],"collection":[{"href":"https:\/\/linitiative.ca\/International\/wp-json\/wp\/v2\/posts"}],"about":[{"href":"https:\/\/linitiative.ca\/International\/wp-json\/wp\/v2\/types\/post"}],"author":[{"embeddable":true,"href":"https:\/\/linitiative.ca\/International\/wp-json\/wp\/v2\/users\/1775"}],"replies":[{"embeddable":true,"href":"https:\/\/linitiative.ca\/International\/wp-json\/wp\/v2\/comments?post=68678"}],"version-history":[{"count":0,"href":"https:\/\/linitiative.ca\/International\/wp-json\/wp\/v2\/posts\/68678\/revisions"}],"wp:attachment":[{"href":"https:\/\/linitiative.ca\/International\/wp-json\/wp\/v2\/media?parent=68678"}],"wp:term":[{"taxonomy":"category","embeddable":true,"href":"https:\/\/linitiative.ca\/International\/wp-json\/wp\/v2\/categories?post=68678"},{"taxonomy":"post_tag","embeddable":true,"href":"https:\/\/linitiative.ca\/International\/wp-json\/wp\/v2\/tags?post=68678"}],"curies":[{"name":"wp","href":"https:\/\/api.w.org\/{rel}","templated":true}]}}