{"id":68679,"date":"2019-11-27T04:31:10","date_gmt":"2019-11-27T09:31:10","guid":{"rendered":"https:\/\/linitiative.ca\/International\/commission-provisoire-des-finances-ladoption-du-plfc-2019-reportee\/"},"modified":"2019-11-27T04:31:10","modified_gmt":"2019-11-27T09:31:10","slug":"commission-provisoire-des-finances-ladoption-du-plfc-2019-reportee","status":"publish","type":"post","link":"https:\/\/linitiative.ca\/International\/commission-provisoire-des-finances-ladoption-du-plfc-2019-reportee\/","title":{"rendered":"Commission provisoire des finances : L\u2019adoption du PLFC 2019 report\u00e9e"},"content":{"rendered":"<p>La commission provisoire des finances a report\u00e9 l\u2019adoption du projet de loi des finances compl\u00e9mentaire (PLFC) pour l\u2019exercice 2019 jusqu\u2019\u00e0 l\u2019obtention de la part du minist\u00e8re des Finances d\u2019\u00e9claircissements concernant des r\u00e9serves exprim\u00e9es par des membres de ladite commission.<\/p>\n<p>Ces r\u00e9serves concernent le d\u00e9ficit budg\u00e9taire, l\u2019endettement, le reliquat de valeur ajout\u00e9e, ainsi que les dettes de l\u2019Etat envers ses fournisseurs.<\/p>\n<p>Iyadh Elloumi, pr\u00e9sident de la commission charg\u00e9 de l\u2019examen des projets de loi de finances compl\u00e9mentaire 2019 et loi de finances 2020, a fait savoir que la commission a re\u00e7u une correspondance de l\u2019UTICA (Union Tunisienne de l\u2019Industrie, du Commerce et de l\u2019Artisanat) concernant les cr\u00e9ances des promoteurs et des fournisseurs envers l\u2019\u00e9tat et qui sont estim\u00e9es \u00e0 600 Millions de Dinars (MD). Le ministre des Finances, Ridha Chalghoum avait d\u00e9clar\u00e9 que ces cr\u00e9ances avoisinent les 225 MD.<\/p>\n<p>Elloumi a fait savoir que les dettes libell\u00e9es en esp\u00e8ces ne refl\u00e8tent pas la valeur r\u00e9elle du d\u00e9ficit vu que les comptes de la finance publique sont bas\u00e9s sur les montants en esp\u00e8ces et non pas sur les engagements. Et d\u2019ajouter que la nouvelle loi organique du budget calculera dor\u00e9navant les engagements futurs ce qui donnera plus de visibilit\u00e9 aux prochains budgets. Il a \u00e9galement annonc\u00e9 que la commission a demand\u00e9 au minist\u00e8re des finances de d\u00e9poser tous les engagements futurs.<\/p>\n<p>Le d\u00e9put\u00e9 Mongi Rahoui a \u00e9voqu\u00e9 des soup\u00e7ons concernant les chiffres pr\u00e9sent\u00e9s par le minist\u00e8re des finances sur le d\u00e9ficit budg\u00e9taire, le taux d\u2019endettement et les engagements, d\u2019o\u00f9 l\u2019absence d\u2019une vision claire sur la loi de finances compl\u00e9mentaire 2019, rappelant, dans ce cadre, qu\u2019en vertu de la loi, la commission peut introduire des amendements sur les chiffres. A noter que la commission entame l\u2019apr\u00e8s-midi l\u2019examen du projet de la loi de finances pour 2020.<\/p>\n<p class=\"dpsp-share-text\">Partager c&rsquo;est aimer!<\/p>\n<div class=\"wp-post-author-wrap wp-post-author-shortcode left\">\n<h3 class=\"awpa-title\"\/>\n<div class=\"wp-post-author\">\n<div class=\"awpa-img awpa-author-block square\"><a href=\"http:\/\/lexpertjournal.net\/fr\/author\/expert\/\"><img loading=\"lazy\" decoding=\"async\" alt=\"\" src=\"http:\/\/2.gravatar.com\/avatar\/56d99be2a6f97af88ccb49fada637fcd?s=150&#038;d=mm&#038;r=g\" srcset=\"http:\/\/2.gravatar.com\/avatar\/56d99be2a6f97af88ccb49fada637fcd?s=300&#038;d=mm&#038;r=g 2x\" class=\"avatar avatar-150 photo\" height=\"150\" width=\"150\"\/><\/a><\/div>\n<\/div>\n<\/div>\n<p>Auteur: L&rsquo;expert<br \/>\n<a href=\"http:\/\/lexpertjournal.net\/fr\/2019\/11\/27\/commission-provisoire-des-finances-ladoption-du-plfc-2019-reportee\/\">Cliquez ici pour lire l&rsquo;article depuis sa source.<\/a><\/p>\n","protected":false},"excerpt":{"rendered":"<p>La commission provisoire des finances a report\u00e9 l\u2019adoption du projet de loi des finances compl\u00e9mentaire (PLFC) pour l\u2019exercice 2019 jusqu\u2019\u00e0 l\u2019obtention de la part du minist\u00e8re des Finances d\u2019\u00e9claircissements concernant des r\u00e9serves exprim\u00e9es par des membres de ladite commission. Ces r\u00e9serves concernent le d\u00e9ficit budg\u00e9taire, l\u2019endettement, le reliquat de valeur ajout\u00e9e, ainsi que les dettes [&hellip;]<\/p>\n","protected":false},"author":1775,"featured_media":0,"comment_status":"closed","ping_status":"closed","sticky":false,"template":"","format":"standard","meta":{"fifu_image_url":"","fifu_image_alt":"","footnotes":""},"categories":[78,55],"tags":[],"class_list":["post-68679","post","type-post","status-publish","format-standard","hentry","category-economie","category-tunisie"],"_links":{"self":[{"href":"https:\/\/linitiative.ca\/International\/wp-json\/wp\/v2\/posts\/68679","targetHints":{"allow":["GET"]}}],"collection":[{"href":"https:\/\/linitiative.ca\/International\/wp-json\/wp\/v2\/posts"}],"about":[{"href":"https:\/\/linitiative.ca\/International\/wp-json\/wp\/v2\/types\/post"}],"author":[{"embeddable":true,"href":"https:\/\/linitiative.ca\/International\/wp-json\/wp\/v2\/users\/1775"}],"replies":[{"embeddable":true,"href":"https:\/\/linitiative.ca\/International\/wp-json\/wp\/v2\/comments?post=68679"}],"version-history":[{"count":0,"href":"https:\/\/linitiative.ca\/International\/wp-json\/wp\/v2\/posts\/68679\/revisions"}],"wp:attachment":[{"href":"https:\/\/linitiative.ca\/International\/wp-json\/wp\/v2\/media?parent=68679"}],"wp:term":[{"taxonomy":"category","embeddable":true,"href":"https:\/\/linitiative.ca\/International\/wp-json\/wp\/v2\/categories?post=68679"},{"taxonomy":"post_tag","embeddable":true,"href":"https:\/\/linitiative.ca\/International\/wp-json\/wp\/v2\/tags?post=68679"}],"curies":[{"name":"wp","href":"https:\/\/api.w.org\/{rel}","templated":true}]}}