{"id":68680,"date":"2019-11-27T05:40:05","date_gmt":"2019-11-27T10:40:05","guid":{"rendered":"https:\/\/linitiative.ca\/International\/cloture-de-la-8eme-conference-du-centre-arabe-des-recherches-et-detudes-politiques\/"},"modified":"2019-11-27T05:40:05","modified_gmt":"2019-11-27T10:40:05","slug":"cloture-de-la-8eme-conference-du-centre-arabe-des-recherches-et-detudes-politiques","status":"publish","type":"post","link":"https:\/\/linitiative.ca\/International\/cloture-de-la-8eme-conference-du-centre-arabe-des-recherches-et-detudes-politiques\/","title":{"rendered":"Cl\u00f4ture de la 8\u00e8me conf\u00e9rence du Centre Arabe des recherches et d\u2019Etudes Politiques"},"content":{"rendered":"<p>Mehdi Mabrouk\u00a0; directeur du CAREP:<\/p>\n<p><strong>\u00ab Donner un sens \u00e0 la justice transitionnelle passe par le changement des programmes d\u2019enseignement et de communication\u00a0\u00bb<\/strong><\/p>\n<p>Les travaux de la 8\u00e8me conf\u00e9rence du Centre Arabe des Recherches et d\u2019Etudes Politiques (CAREP), sous le th\u00e8me \u00ab Justice transitionnelle et transition d\u00e9mocratique dans les pays arabes\u00a0; politique, histoire et m\u00e9moire \u00bb, ont \u00e9t\u00e9 cl\u00f4tur\u00e9 le samedi 23 Novembre 2019 \u00e0 l\u2019h\u00f4tel Laico Tunis.<\/p>\n<p>A cette occasion, le directeur du CAREP, Mehdi Mabrouk a affirm\u00e9 que\u00a0: \u00ab Sortir les peuples du syndrome de la victimisation passe imp\u00e9rativement par des r\u00e9formes des programmes d\u2019enseignement aussi bien que des m\u00e9dias et de l\u2019information. Ceci ne peut que consolider le respect des droits de l\u2019homme et du droit \u00e0 la diff\u00e9rence pour que la justice transitionnelle prenne son sens et que la m\u00e9moire ne demeure pas l\u2019otage du pass\u00e9\u00a0!\u00a0\u00bb.<\/p>\n<p>Il a rench\u00e9ri, dans le m\u00eame contexte\u00a0: \u00ab\u00a0r\u00e9duire la justice transitionnelle en un conflit, bourreau\/victime peut s\u2019av\u00e9rer aussi choquant que n\u00e9faste pour les peuples et limite consid\u00e9rablement leur chance de se tourner vers l\u2019avenir. La mission d\u2019entra\u00eener la m\u00e9moire collective \u00e0 se consacrer au pr\u00e9sent et \u00e0 l\u2019avenir s\u2019av\u00e8re, donc, des plus ardues\u00a0\u00bb. \u00a0<\/p>\n<p>Le directeur du CAREP a soulign\u00e9 que la justice transitionnelle peut, certes, trouver des compromis mais le risque que des interrogations sur le pass\u00e9 refassent surface, m\u00eame apr\u00e8s une trentaine d\u2019ann\u00e9es, n\u2019est pas \u00e0 \u00e9carter\u00a0!<\/p>\n<p>R\u00e9viser ses exp\u00e9riences peut \u00eatre utile \u00e0 r\u00e9duire les risques que les m\u00eames violations se reproduisent\u00a0et affectent les g\u00e9n\u00e9rations \u00e0 venir !<\/p>\n<p>\u00ab Les lois et r\u00e9glementations ne suffisent pas \u00e0 r\u00e9gir les diff\u00e9rentes exp\u00e9riences de justice transitionnelle. D\u2019autres param\u00e8tres entrent en consid\u00e9ration \u00e0 l\u2019instar de la composante des soci\u00e9t\u00e9s, des facteurs, sectaire, ethnique et id\u00e9ologique ainsi que la capacit\u00e9 des \u00e9lites \u00e0 trouver les compromis n\u00e9cessaires entre le passif politique et les nouveaux r\u00e9gimes montants\u00a0\u00bb, a conclu le pr\u00e9sident du CAREP, Mehdi Mabrouk.<\/p>\n<p>Rappelons que cette conf\u00e9rence s\u2019inscrit dans le cadre de l\u2019int\u00e9r\u00eat que porte le CAREP au processus de la transition d\u00e9mocratique dans le monde arabe. Il a, de m\u00eame, enregistr\u00e9 la participation d\u2019une trentaine de chercheurs, sp\u00e9cialistes, experts ainsi qu\u2019acad\u00e9miciens de plusieurs pays\u00a0; la Tunisie, l\u2019Alg\u00e9rie, le Maroc, l\u2019Egypte, la Syrie, le Liban, le Y\u00e9men, le Soudan, la Libye, la Pologne, le Portugal, l\u2019Afrique du Sud, la Roumanie, l\u2019Espagne et la Suisse. Des activistes de la soci\u00e9t\u00e9 civile, d\u2019associations humanitaires et d\u2019organisations internationales concern\u00e9s par la justice transitionnelle ont aussi pris part \u00e0 cette conf\u00e9rence dont les travaux ont d\u00e9marr\u00e9 le jeudi 21 novembre 2019. Nous citons le secr\u00e9taire g\u00e9n\u00e9rale de la Tribune Egyptienne des Droits de l\u2019Homme, Moetez Friji et l\u2019ancienne ministre des droits de l\u2019homme du Y\u00e9men, Madame Houriya Machhour\u2026 \u00a0<\/p>\n<p>Signalons que la pr\u00e9sidente de l\u2019Instance V\u00e9rit\u00e9 et Dignit\u00e9, Sihem Ben Sedrine a inaugur\u00e9 ce s\u00e9minaire en pr\u00e9sence de quelques victimes de violations qui ont profit\u00e9 de cette conf\u00e9rence essentiellement acad\u00e9mique pour se plaindre, lors de leurs t\u00e9moignages, de l\u2019exp\u00e9rience tunisienne de la justice transitionnelle, estimant qu\u2019ils n\u2019ont pas \u00e9t\u00e9 d\u00e9dommag\u00e9s comme ils l\u2019esp\u00e9raient et comme le stipule la loi.<\/p>\n<p>La deuxi\u00e8me journ\u00e9e de la conf\u00e9rence a, quant \u00e0 elle, \u00e9t\u00e9 consacr\u00e9e \u00e0 des cessions de travail sur des approches comparatives et divers points de vue de l\u2019assistance et des repr\u00e9sentants de diff\u00e9rentes exp\u00e9riences de justice transitionnelle dans les pays arabe.<\/p>\n<p class=\"dpsp-share-text\">Partager c&rsquo;est aimer!<\/p>\n<div class=\"wp-post-author-wrap wp-post-author-shortcode left\">\n<h3 class=\"awpa-title\"\/>\n<div class=\"wp-post-author\">\n<div class=\"awpa-img awpa-author-block square\"><a href=\"http:\/\/lexpertjournal.net\/fr\/author\/expert\/\"><img loading=\"lazy\" decoding=\"async\" alt=\"\" src=\"http:\/\/2.gravatar.com\/avatar\/56d99be2a6f97af88ccb49fada637fcd?s=150&#038;d=mm&#038;r=g\" srcset=\"http:\/\/2.gravatar.com\/avatar\/56d99be2a6f97af88ccb49fada637fcd?s=300&#038;d=mm&#038;r=g 2x\" class=\"avatar avatar-150 photo\" height=\"150\" width=\"150\"\/><\/a><\/div>\n<\/div>\n<\/div>\n<p>Auteur: L&rsquo;expert<br \/>\n<a href=\"http:\/\/lexpertjournal.net\/fr\/2019\/11\/27\/cloture-de-la-8eme-conference-du-centre-arabe-des-recherches-et-detudes-politiques\/\">Cliquez ici pour lire l&rsquo;article depuis sa source.<\/a><\/p>\n","protected":false},"excerpt":{"rendered":"<p>Mehdi Mabrouk\u00a0; directeur du CAREP: \u00ab Donner un sens \u00e0 la justice transitionnelle passe par le changement des programmes d\u2019enseignement et de communication\u00a0\u00bb Les travaux de la 8\u00e8me conf\u00e9rence du Centre Arabe des Recherches et d\u2019Etudes Politiques (CAREP), sous le th\u00e8me \u00ab Justice transitionnelle et transition d\u00e9mocratique dans les pays arabes\u00a0; politique, histoire et m\u00e9moire [&hellip;]<\/p>\n","protected":false},"author":1775,"featured_media":0,"comment_status":"closed","ping_status":"closed","sticky":false,"template":"","format":"standard","meta":{"fifu_image_url":"","fifu_image_alt":"","footnotes":""},"categories":[78,55],"tags":[],"class_list":["post-68680","post","type-post","status-publish","format-standard","hentry","category-economie","category-tunisie"],"_links":{"self":[{"href":"https:\/\/linitiative.ca\/International\/wp-json\/wp\/v2\/posts\/68680","targetHints":{"allow":["GET"]}}],"collection":[{"href":"https:\/\/linitiative.ca\/International\/wp-json\/wp\/v2\/posts"}],"about":[{"href":"https:\/\/linitiative.ca\/International\/wp-json\/wp\/v2\/types\/post"}],"author":[{"embeddable":true,"href":"https:\/\/linitiative.ca\/International\/wp-json\/wp\/v2\/users\/1775"}],"replies":[{"embeddable":true,"href":"https:\/\/linitiative.ca\/International\/wp-json\/wp\/v2\/comments?post=68680"}],"version-history":[{"count":0,"href":"https:\/\/linitiative.ca\/International\/wp-json\/wp\/v2\/posts\/68680\/revisions"}],"wp:attachment":[{"href":"https:\/\/linitiative.ca\/International\/wp-json\/wp\/v2\/media?parent=68680"}],"wp:term":[{"taxonomy":"category","embeddable":true,"href":"https:\/\/linitiative.ca\/International\/wp-json\/wp\/v2\/categories?post=68680"},{"taxonomy":"post_tag","embeddable":true,"href":"https:\/\/linitiative.ca\/International\/wp-json\/wp\/v2\/tags?post=68680"}],"curies":[{"name":"wp","href":"https:\/\/api.w.org\/{rel}","templated":true}]}}