{"id":68681,"date":"2019-11-27T05:47:01","date_gmt":"2019-11-27T10:47:01","guid":{"rendered":"https:\/\/linitiative.ca\/International\/le-ministere-du-transport-et-lagence-francaise-de-developpement-organisent-un-seminaire-sur-le-transport-non-regulier-de-personnes\/"},"modified":"2019-11-27T05:47:01","modified_gmt":"2019-11-27T10:47:01","slug":"le-ministere-du-transport-et-lagence-francaise-de-developpement-organisent-un-seminaire-sur-le-transport-non-regulier-de-personnes","status":"publish","type":"post","link":"https:\/\/linitiative.ca\/International\/le-ministere-du-transport-et-lagence-francaise-de-developpement-organisent-un-seminaire-sur-le-transport-non-regulier-de-personnes\/","title":{"rendered":"LE MINISTERE DU TRANSPORT ET L\u2019AGENCE FRANCAISE DE DEVELOPPEMENT ORGANISENT UN SEMINAIRE SUR LE \u00ab TRANSPORT NON REGULIER DE PERSONNES \u00bb"},"content":{"rendered":"<p>La mobilit\u00e9, et plus particuli\u00e8rement le transport non r\u00e9gulier de personnes, a \u00e9t\u00e9 le mot d\u2019ordre du jour \u00e0 Tunis. Le Minist\u00e8re du Transport, en partenariat avec l\u2019Agence Fran\u00e7aise de D\u00e9veloppement (AFD), a organis\u00e9 un s\u00e9minaire de cl\u00f4ture de l\u2019\u00e9tude sur le \u00ab\u00a0Transport non R\u00e9gulier de Personnes\u00a0<strong>\u00bb\u00a0<\/strong>(TNRP), le 26 novembre 2019 \u00e0 l\u2019H\u00f4tel Concorde aux Berges du Lac 1. Monsieur Habib Ammar, Directeur g\u00e9n\u00e9ral du Transport Terrestre au Minist\u00e8re du Transport, et Monsieur Gilles Chausse, Directeur de l\u2019agence AFD de Tunis, \u00e9taient pr\u00e9sents. Pour cet \u00e9v\u00e8nement, le minist\u00e8re a convi\u00e9 l\u2019ensemble des acteurs du secteur\u00a0: les repr\u00e9sentants du m\u00e9tier, l\u2019ensemble des 24 gouvernorats, des municipalit\u00e9s.<\/p>\n<p>Cette \u00e9tude est financ\u00e9e par l\u2019AFD dans le cadre de la coop\u00e9ration fran\u00e7aise gr\u00e2ce \u00e0 des Fonds d\u2019Expertise Technique et d\u2019Echanges (FEXTE), pour le compte du minist\u00e8re du Transport et a \u00e9t\u00e9 lanc\u00e9e en 2018. Elle s\u2019inscrit dans la strat\u00e9gie de d\u00e9veloppement d\u2019une mobilit\u00e9 urbaine durable en Tunisie. En effet, le transport public connait depuis plus de 30 ans un d\u00e9ficit chronique en faveur du transport individuel et priv\u00e9. Le transport non r\u00e9gulier de personnes devient depuis les ann\u00e9es 2000 une alternative de plus en plus pris\u00e9e par la population pour pallier les d\u00e9faillances du r\u00e9seau de transport en commun.<\/p>\n<p>Cette \u00e9tude, dont le p\u00e9rim\u00e8tre s\u2019\u00e9tend sur 8 gouvernorats (Tunis, Ariana, Manouba, Ben Arous, M\u00e9denine, Sousse, Monastir et Jendouba) repr\u00e9sentatifs de la Tunisie, a permis d\u2019\u00e9tablir un diagnostic de l\u2019organisation du secteur, les enjeux ainsi que les recommandations permettant de r\u00e9pondre \u00e0 la question\u00a0suivante : comment assurer un service de qualit\u00e9 en ad\u00e9quation avec la demande et en compl\u00e9mentarit\u00e9 avec les lignes institutionnelles ? L\u2019\u00e9tude a ainsi pu formuler un ensemble de propositions li\u00e9es \u00e0 la gouvernance, \u00e0 la tarification ou encore \u00e0 la professionnalisation.<\/p>\n<p>Dans cette dynamique de transition d\u00e9mocratique, cette \u00e9tude a \u00e9t\u00e9 le fruit d\u2019un travail participatif avec les repr\u00e9sentants du m\u00e9tier, et ce s\u00e9minaire se voulait \u00eatre une plateforme d\u2019information pour l\u2019ensemble des gouvernorats pr\u00e9sents.<\/p>\n<p>Pour M. Habib Ammar,\u00a0<em>\u00ab\u00a0cette \u00e9tude a permis de mobiliser les diff\u00e9rents acteurs dans les 8 gouvernorats pour mener une analyse constructive du secteur. Les \u00e9changes ont permis de faire ressortir des recommandations pour la r\u00e9forme de l\u2019organisation du secteur. Cet atelier permet de partager \u00e0 l\u2019\u00e9chelle nationale ses travaux et ouvre le d\u00e9bat pour une concertation plus large en vue d\u2019une adaptation de la l\u00e9gislation \u00bb.<\/em><\/p>\n<p>Monsieur Gilles Chausses a quant \u00e0 lui \u00ab\u00a0<em>f\u00e9licit\u00e9 le minist\u00e8re pour la d\u00e9marche participative qu\u2019il a entam\u00e9 dans la r\u00e9organisation de ce secteur\u00a0\u00bb.\u00a0<\/em>Il consid\u00e8re que \u00ab\u00a0<em>les livrables de cette \u00e9tude sur le TNRP peuvent \u00eatre int\u00e9gr\u00e9s \u00e0 la politique nationale de la mobilit\u00e9 urbaine, en cours de r\u00e9alisation par le minist\u00e8re avec l\u2019appui de l\u2019AFD. Une meilleure organisation du secteur aura des impacts positifs sur les enjeux cl\u00e9s\u00a0d\u2019une mobilit\u00e9 durable : la congestion, la pollution et la s\u00e9curit\u00e9 \u00bb.<\/em><\/p>\n<p class=\"dpsp-share-text\">Partager c&rsquo;est aimer!<\/p>\n<div class=\"wp-post-author-wrap wp-post-author-shortcode left\">\n<h3 class=\"awpa-title\"\/>\n<div class=\"wp-post-author\">\n<div class=\"awpa-img awpa-author-block square\"><a href=\"http:\/\/lexpertjournal.net\/fr\/author\/expert\/\"><img loading=\"lazy\" decoding=\"async\" alt=\"\" src=\"http:\/\/2.gravatar.com\/avatar\/56d99be2a6f97af88ccb49fada637fcd?s=150&#038;d=mm&#038;r=g\" srcset=\"http:\/\/2.gravatar.com\/avatar\/56d99be2a6f97af88ccb49fada637fcd?s=300&#038;d=mm&#038;r=g 2x\" class=\"avatar avatar-150 photo\" height=\"150\" width=\"150\"\/><\/a><\/div>\n<\/div>\n<\/div>\n<p>Auteur: L&rsquo;expert<br \/>\n<a href=\"http:\/\/lexpertjournal.net\/fr\/2019\/11\/27\/le-ministere-du-transport-et-lagence-francaise-de-developpement-organisent-un-seminaire-sur-le-transport-non-regulier-de-personnes\/\">Cliquez ici pour lire l&rsquo;article depuis sa source.<\/a><\/p>\n","protected":false},"excerpt":{"rendered":"<p>La mobilit\u00e9, et plus particuli\u00e8rement le transport non r\u00e9gulier de personnes, a \u00e9t\u00e9 le mot d\u2019ordre du jour \u00e0 Tunis. Le Minist\u00e8re du Transport, en partenariat avec l\u2019Agence Fran\u00e7aise de D\u00e9veloppement (AFD), a organis\u00e9 un s\u00e9minaire de cl\u00f4ture de l\u2019\u00e9tude sur le \u00ab\u00a0Transport non R\u00e9gulier de Personnes\u00a0\u00bb\u00a0(TNRP), le 26 novembre 2019 \u00e0 l\u2019H\u00f4tel Concorde aux [&hellip;]<\/p>\n","protected":false},"author":1775,"featured_media":0,"comment_status":"closed","ping_status":"closed","sticky":false,"template":"","format":"standard","meta":{"fifu_image_url":"","fifu_image_alt":"","footnotes":""},"categories":[78,55],"tags":[],"class_list":["post-68681","post","type-post","status-publish","format-standard","hentry","category-economie","category-tunisie"],"_links":{"self":[{"href":"https:\/\/linitiative.ca\/International\/wp-json\/wp\/v2\/posts\/68681","targetHints":{"allow":["GET"]}}],"collection":[{"href":"https:\/\/linitiative.ca\/International\/wp-json\/wp\/v2\/posts"}],"about":[{"href":"https:\/\/linitiative.ca\/International\/wp-json\/wp\/v2\/types\/post"}],"author":[{"embeddable":true,"href":"https:\/\/linitiative.ca\/International\/wp-json\/wp\/v2\/users\/1775"}],"replies":[{"embeddable":true,"href":"https:\/\/linitiative.ca\/International\/wp-json\/wp\/v2\/comments?post=68681"}],"version-history":[{"count":0,"href":"https:\/\/linitiative.ca\/International\/wp-json\/wp\/v2\/posts\/68681\/revisions"}],"wp:attachment":[{"href":"https:\/\/linitiative.ca\/International\/wp-json\/wp\/v2\/media?parent=68681"}],"wp:term":[{"taxonomy":"category","embeddable":true,"href":"https:\/\/linitiative.ca\/International\/wp-json\/wp\/v2\/categories?post=68681"},{"taxonomy":"post_tag","embeddable":true,"href":"https:\/\/linitiative.ca\/International\/wp-json\/wp\/v2\/tags?post=68681"}],"curies":[{"name":"wp","href":"https:\/\/api.w.org\/{rel}","templated":true}]}}