{"id":68683,"date":"2019-11-27T08:32:00","date_gmt":"2019-11-27T13:32:00","guid":{"rendered":"https:\/\/linitiative.ca\/International\/affrontements-entre-des-manifestants-et-les-forces-de-lordre-a-bouira-videos\/"},"modified":"2019-11-27T08:32:00","modified_gmt":"2019-11-27T13:32:00","slug":"affrontements-entre-des-manifestants-et-les-forces-de-lordre-a-bouira-videos","status":"publish","type":"post","link":"https:\/\/linitiative.ca\/International\/affrontements-entre-des-manifestants-et-les-forces-de-lordre-a-bouira-videos\/","title":{"rendered":"Affrontements entre des manifestants et les forces de l\u2019ordre \u00e0 Bouira (Vid\u00e9os)"},"content":{"rendered":"<div id=\"originalText\" readability=\"43\">\n<p class=\"c6\">Le rassemblement citoyen devant la maison de la culture Ali Za\u00e2moum, \u00e0 Bouira, o\u00f9\u00a0 le candidat \u00e0 la pr\u00e9sidentielle,\u00a0 Ali Benflis, organise un meeting \u00e0 15h,\u00a0 a tourn\u00e9 \u00e0 l\u2019affrontement en ce d\u00e9but de l\u2019apr\u00e8s-midi.<\/p>\n<p><iframe loading=\"lazy\" allow=\"accelerometer; autoplay; encrypted-media; gyroscope; picture-in-picture\" allowfullscreen=\"\" frameborder=\"0\" height=\"315\" src=\"https:\/\/www.youtube.com\/embed\/zlbnlpjuhDU\" width=\"560\">[embedded content]<\/iframe><\/p>\n<p class=\"c6\">La police tente de repousser les manifestants en usant de la bombe lacrymog\u00e8ne, alors que de jeunes manifestants caillassent le si\u00e8ge de la wilaya.<\/p>\n<p><iframe loading=\"lazy\" allow=\"accelerometer; autoplay; encrypted-media; gyroscope; picture-in-picture\" allowfullscreen=\"\" frameborder=\"0\" height=\"315\" src=\"https:\/\/www.youtube.com\/embed\/MlGsUksZ9qo\" width=\"560\">[embedded content]<\/iframe><\/p>\n<p class=\"c7\"><strong>R\u00e9daction Web<\/strong><\/p>\n<\/div>\n<div id=\"text_core\" readability=\"43\">\n<p class=\"c6\">Le rassemblement citoyen devant la maison de la culture Ali Za\u00e2moum, \u00e0 Bouira, o\u00f9\u00a0 le candidat \u00e0 la pr\u00e9sidentielle,\u00a0 Ali Benflis, organise un meeting \u00e0 15h,\u00a0 a tourn\u00e9 \u00e0 l\u2019affrontement en ce d\u00e9but de l\u2019apr\u00e8s-midi.<\/p>\n<p><iframe loading=\"lazy\" allow=\"accelerometer; autoplay; encrypted-media; gyroscope; picture-in-picture\" allowfullscreen=\"\" frameborder=\"0\" height=\"315\" src=\"https:\/\/www.youtube.com\/embed\/zlbnlpjuhDU\" width=\"560\">[embedded content]<\/iframe><\/p>\n<p class=\"c6\">La police tente de repousser les manifestants en usant de la bombe lacrymog\u00e8ne, alors que de jeunes manifestants caillassent le si\u00e8ge de la wilaya.<\/p>\n<p><iframe loading=\"lazy\" allow=\"accelerometer; autoplay; encrypted-media; gyroscope; picture-in-picture\" allowfullscreen=\"\" frameborder=\"0\" height=\"315\" src=\"https:\/\/www.youtube.com\/embed\/MlGsUksZ9qo\" width=\"560\">[embedded content]<\/iframe><\/p>\n<p class=\"c7\"><strong>R\u00e9daction Web<\/strong><\/p>\n<\/div>\n<p>Auteur:<br \/>\n<a href=\"https:\/\/www.liberte-algerie.com\/actualite\/affrontements-entre-des-manifestants-et-les-forces-de-lordre-a-bouira-videos-328982\">Cliquez ici pour lire l&rsquo;article depuis sa source.<\/a><\/p>\n","protected":false},"excerpt":{"rendered":"<p>Le rassemblement citoyen devant la maison de la culture Ali Za\u00e2moum, \u00e0 Bouira, o\u00f9\u00a0 le candidat \u00e0 la pr\u00e9sidentielle,\u00a0 Ali Benflis, organise un meeting \u00e0 15h,\u00a0 a tourn\u00e9 \u00e0 l\u2019affrontement en ce d\u00e9but de l\u2019apr\u00e8s-midi. [embedded content] La police tente de repousser les manifestants en usant de la bombe lacrymog\u00e8ne, alors que de jeunes manifestants [&hellip;]<\/p>\n","protected":false},"author":1742,"featured_media":0,"comment_status":"closed","ping_status":"closed","sticky":false,"template":"","format":"standard","meta":{"fifu_image_url":"","fifu_image_alt":"","footnotes":""},"categories":[73,53],"tags":[],"class_list":["post-68683","post","type-post","status-publish","format-standard","hentry","category-actualite","category-algerie"],"_links":{"self":[{"href":"https:\/\/linitiative.ca\/International\/wp-json\/wp\/v2\/posts\/68683","targetHints":{"allow":["GET"]}}],"collection":[{"href":"https:\/\/linitiative.ca\/International\/wp-json\/wp\/v2\/posts"}],"about":[{"href":"https:\/\/linitiative.ca\/International\/wp-json\/wp\/v2\/types\/post"}],"author":[{"embeddable":true,"href":"https:\/\/linitiative.ca\/International\/wp-json\/wp\/v2\/users\/1742"}],"replies":[{"embeddable":true,"href":"https:\/\/linitiative.ca\/International\/wp-json\/wp\/v2\/comments?post=68683"}],"version-history":[{"count":0,"href":"https:\/\/linitiative.ca\/International\/wp-json\/wp\/v2\/posts\/68683\/revisions"}],"wp:attachment":[{"href":"https:\/\/linitiative.ca\/International\/wp-json\/wp\/v2\/media?parent=68683"}],"wp:term":[{"taxonomy":"category","embeddable":true,"href":"https:\/\/linitiative.ca\/International\/wp-json\/wp\/v2\/categories?post=68683"},{"taxonomy":"post_tag","embeddable":true,"href":"https:\/\/linitiative.ca\/International\/wp-json\/wp\/v2\/tags?post=68683"}],"curies":[{"name":"wp","href":"https:\/\/api.w.org\/{rel}","templated":true}]}}