{"id":68685,"date":"2019-11-27T11:04:00","date_gmt":"2019-11-27T16:04:00","guid":{"rendered":"https:\/\/linitiative.ca\/International\/benflis-devant-une-salle-vide-a-bouira-photos\/"},"modified":"2019-11-27T11:04:00","modified_gmt":"2019-11-27T16:04:00","slug":"benflis-devant-une-salle-vide-a-bouira-photos","status":"publish","type":"post","link":"https:\/\/linitiative.ca\/International\/benflis-devant-une-salle-vide-a-bouira-photos\/","title":{"rendered":"Benflis devant une salle vide \u00e0 Bouira (photos)"},"content":{"rendered":"<div id=\"originalText\" readability=\"52\">\n<p>Le candidat aux \u00e9lections pr\u00e9sidentielles du 12 d\u00e9cembre, Ali Benflis, a finalement maintenu son meeting \u00e0 Bouira, malgr\u00e9 les affrontements qui ont \u00e9clat\u00e9 en d\u00e9but d\u2019apr\u00e8s-midi,\u00a0 entre les centaines de manifestants qui voulaient emp\u00eacher la rencontre et les services de l\u2019ordre.<\/p>\n<p><img decoding=\"async\" alt=\"\" src=\"\/data\/upload\/Benflis-interieur.jpg\" class=\"c6\"\/><\/p>\n<p class=\"c8\"><u><span class=\"c7\">Photo : \u00a9Ramdane Bourahla<\/span><\/u><\/p>\n<p>Alors que le meeting \u00e9tait initialement pr\u00e9vu \u00e0 15h, le candidat n\u2019a pu acc\u00e9der \u00e0 la salle des conf\u00e9rences de la maison de la culture Ali Za\u00e2moum, que vers 16h, selon le correspondant de Libert\u00e9, pr\u00e9sent sur les lieux.<\/p>\n<p>La salle o\u00f9 Ali Benflis s\u2019appr\u00eate \u00e0 prononcer son discours de campagne est quasiment vide, si l\u2019on \u00e9carte son staff de campagne et l\u2019\u00e9quipe m\u00e9diatique charg\u00e9e de couvrir la rencontre.<\/p>\n<p class=\"c9\"><strong>R\u00e9daction Web<\/strong><\/p>\n<\/div>\n<div id=\"text_core\" readability=\"52\">\n<p>Le candidat aux \u00e9lections pr\u00e9sidentielles du 12 d\u00e9cembre, Ali Benflis, a finalement maintenu son meeting \u00e0 Bouira, malgr\u00e9 les affrontements qui ont \u00e9clat\u00e9 en d\u00e9but d\u2019apr\u00e8s-midi,\u00a0 entre les centaines de manifestants qui voulaient emp\u00eacher la rencontre et les services de l\u2019ordre.<\/p>\n<p><img decoding=\"async\" alt=\"\" src=\"\/data\/upload\/Benflis-interieur.jpg\" class=\"c6\"\/><\/p>\n<p class=\"c8\"><u><span class=\"c7\">Photo : \u00a9Ramdane Bourahla<\/span><\/u><\/p>\n<p>Alors que le meeting \u00e9tait initialement pr\u00e9vu \u00e0 15h, le candidat n\u2019a pu acc\u00e9der \u00e0 la salle des conf\u00e9rences de la maison de la culture Ali Za\u00e2moum, que vers 16h, selon le correspondant de Libert\u00e9, pr\u00e9sent sur les lieux.<\/p>\n<p>La salle o\u00f9 Ali Benflis s\u2019appr\u00eate \u00e0 prononcer son discours de campagne est quasiment vide, si l\u2019on \u00e9carte son staff de campagne et l\u2019\u00e9quipe m\u00e9diatique charg\u00e9e de couvrir la rencontre.<\/p>\n<p class=\"c9\"><strong>R\u00e9daction Web<\/strong><\/p>\n<\/div>\n<p>Auteur:<br \/>\n<a href=\"https:\/\/www.liberte-algerie.com\/actualite\/benflis-devant-une-salle-vide-a-bouira-photos-328985\">Cliquez ici pour lire l&rsquo;article depuis sa source.<\/a><\/p>\n","protected":false},"excerpt":{"rendered":"<p>Le candidat aux \u00e9lections pr\u00e9sidentielles du 12 d\u00e9cembre, Ali Benflis, a finalement maintenu son meeting \u00e0 Bouira, malgr\u00e9 les affrontements qui ont \u00e9clat\u00e9 en d\u00e9but d\u2019apr\u00e8s-midi,\u00a0 entre les centaines de manifestants qui voulaient emp\u00eacher la rencontre et les services de l\u2019ordre. Photo : \u00a9Ramdane Bourahla Alors que le meeting \u00e9tait initialement pr\u00e9vu \u00e0 15h, le [&hellip;]<\/p>\n","protected":false},"author":1742,"featured_media":68686,"comment_status":"closed","ping_status":"closed","sticky":false,"template":"","format":"standard","meta":{"fifu_image_url":"","fifu_image_alt":"","footnotes":""},"categories":[73,53],"tags":[],"class_list":["post-68685","post","type-post","status-publish","format-standard","has-post-thumbnail","hentry","category-actualite","category-algerie"],"_links":{"self":[{"href":"https:\/\/linitiative.ca\/International\/wp-json\/wp\/v2\/posts\/68685","targetHints":{"allow":["GET"]}}],"collection":[{"href":"https:\/\/linitiative.ca\/International\/wp-json\/wp\/v2\/posts"}],"about":[{"href":"https:\/\/linitiative.ca\/International\/wp-json\/wp\/v2\/types\/post"}],"author":[{"embeddable":true,"href":"https:\/\/linitiative.ca\/International\/wp-json\/wp\/v2\/users\/1742"}],"replies":[{"embeddable":true,"href":"https:\/\/linitiative.ca\/International\/wp-json\/wp\/v2\/comments?post=68685"}],"version-history":[{"count":0,"href":"https:\/\/linitiative.ca\/International\/wp-json\/wp\/v2\/posts\/68685\/revisions"}],"wp:featuredmedia":[{"embeddable":true,"href":"https:\/\/linitiative.ca\/International\/wp-json\/"}],"wp:attachment":[{"href":"https:\/\/linitiative.ca\/International\/wp-json\/wp\/v2\/media?parent=68685"}],"wp:term":[{"taxonomy":"category","embeddable":true,"href":"https:\/\/linitiative.ca\/International\/wp-json\/wp\/v2\/categories?post=68685"},{"taxonomy":"post_tag","embeddable":true,"href":"https:\/\/linitiative.ca\/International\/wp-json\/wp\/v2\/tags?post=68685"}],"curies":[{"name":"wp","href":"https:\/\/api.w.org\/{rel}","templated":true}]}}