{"id":68689,"date":"2019-11-27T06:27:14","date_gmt":"2019-11-27T11:27:14","guid":{"rendered":"https:\/\/linitiative.ca\/International\/4e-edition-du-festival-marrakech-pour-lechange-des-cultures\/"},"modified":"2019-11-27T06:27:14","modified_gmt":"2019-11-27T11:27:14","slug":"4e-edition-du-festival-marrakech-pour-lechange-des-cultures","status":"publish","type":"post","link":"https:\/\/linitiative.ca\/International\/4e-edition-du-festival-marrakech-pour-lechange-des-cultures\/","title":{"rendered":"4\u00e8 \u00e9dition du Festival Marrakech pour l\u2019\u00e9change des cultures"},"content":{"rendered":"<p><iframe loading=\"lazy\" width=\"1170\" height=\"658\" src=\"https:\/\/www.youtube.com\/embed\/ySoYgQlKhko?feature=oembed\" frameborder=\"0\" allow=\"accelerometer; autoplay; encrypted-media; gyroscope; picture-in-picture\" allowfullscreen=\"\">[embedded content]<\/iframe><\/p>\n<div class=\"post-header-inner post-header-title\">\n<p><span class=\"time\"><time class=\"post-published updated\" datetime=\"2019-11-27T12:27:14+00:00\"><strong>27 novembre 2019<\/strong><\/time><\/span><\/p>\n<\/div>\n<div class=\"single-post-excerpt post-excerpt-bc\" readability=\"36\">\n<p>Le coup d\u2019envoi a \u00e9t\u00e9 donn\u00e9 \u00e0 la 4\u00e8 \u00e9dition du Festival Marrakech pour l\u2019\u00e9change des cultures sous le th\u00e8me \u00ab Le Maroc, un pays de tol\u00e9rance, de dialogue et de cohabitation entre les diff\u00e9rentes cultures et religions \u00bb.<\/p>\n<\/div>\n<p>Auteur: Meriem IGASS<br \/>\n<a href=\"http:\/\/www.mapmarrakech.ma\/fr\/festival-3\/\">Cliquez ici pour lire l&rsquo;article depuis sa source.<\/a><\/p>\n","protected":false},"excerpt":{"rendered":"<p>[embedded content] 27 novembre 2019 Le coup d\u2019envoi a \u00e9t\u00e9 donn\u00e9 \u00e0 la 4\u00e8 \u00e9dition du Festival Marrakech pour l\u2019\u00e9change des cultures sous le th\u00e8me \u00ab Le Maroc, un pays de tol\u00e9rance, de dialogue et de cohabitation entre les diff\u00e9rentes cultures et religions \u00bb. Auteur: Meriem IGASS Cliquez ici pour lire l&rsquo;article depuis sa source.<\/p>\n","protected":false},"author":1788,"featured_media":0,"comment_status":"closed","ping_status":"closed","sticky":false,"template":"","format":"standard","meta":{"fifu_image_url":"","fifu_image_alt":"","footnotes":""},"categories":[54,76],"tags":[],"class_list":["post-68689","post","type-post","status-publish","format-standard","hentry","category-maroc","category-regions"],"_links":{"self":[{"href":"https:\/\/linitiative.ca\/International\/wp-json\/wp\/v2\/posts\/68689","targetHints":{"allow":["GET"]}}],"collection":[{"href":"https:\/\/linitiative.ca\/International\/wp-json\/wp\/v2\/posts"}],"about":[{"href":"https:\/\/linitiative.ca\/International\/wp-json\/wp\/v2\/types\/post"}],"author":[{"embeddable":true,"href":"https:\/\/linitiative.ca\/International\/wp-json\/wp\/v2\/users\/1788"}],"replies":[{"embeddable":true,"href":"https:\/\/linitiative.ca\/International\/wp-json\/wp\/v2\/comments?post=68689"}],"version-history":[{"count":0,"href":"https:\/\/linitiative.ca\/International\/wp-json\/wp\/v2\/posts\/68689\/revisions"}],"wp:attachment":[{"href":"https:\/\/linitiative.ca\/International\/wp-json\/wp\/v2\/media?parent=68689"}],"wp:term":[{"taxonomy":"category","embeddable":true,"href":"https:\/\/linitiative.ca\/International\/wp-json\/wp\/v2\/categories?post=68689"},{"taxonomy":"post_tag","embeddable":true,"href":"https:\/\/linitiative.ca\/International\/wp-json\/wp\/v2\/tags?post=68689"}],"curies":[{"name":"wp","href":"https:\/\/api.w.org\/{rel}","templated":true}]}}