{"id":68690,"date":"2019-11-26T14:37:27","date_gmt":"2019-11-26T19:37:27","guid":{"rendered":"https:\/\/linitiative.ca\/International\/10-circonscriptions-administratives-erigees-en-wilayas-dotees-de-pleines-prerogatives\/"},"modified":"2019-11-26T14:37:27","modified_gmt":"2019-11-26T19:37:27","slug":"10-circonscriptions-administratives-erigees-en-wilayas-dotees-de-pleines-prerogatives","status":"publish","type":"post","link":"https:\/\/linitiative.ca\/International\/10-circonscriptions-administratives-erigees-en-wilayas-dotees-de-pleines-prerogatives\/","title":{"rendered":"10 circonscriptions administratives \u00e9rig\u00e9es en wilayas dot\u00e9es de pleines pr\u00e9rogatives  \u00a0"},"content":{"rendered":"<div readability=\"39.7894736842\">\n<p><strong>ALGER- Le Conseil des ministres a adopt\u00e9 mardi, lors d&rsquo;une r\u00e9union, pr\u00e9sid\u00e9e par le chef de l&rsquo;Etat, Abdelkader Bensalah, un projet de loi visant \u00e0 \u00e9riger les dix (10) circonscriptions administratives cr\u00e9\u00e9es dans le sud alg\u00e9rien, et r\u00e9parties sur huit (8) wilayas, en wilayas dot\u00e9es de pleines pr\u00e9rogatives, a indiqu\u00e9 le conseil <a href=\"http:\/\/www.aps.dz\/algerie\/98076-communique-du-conseil-des-ministres-texte-integral\" target=\"_blank\" rel=\"noopener noreferrer\">dans un communiqu\u00e9<\/a>.<\/strong><\/p>\n<\/div>\n<div readability=\"160.541866214\">\n<p>Le Conseil des ministres a entam\u00e9 ses travaux par l&rsquo;adoption d&rsquo;un projet de loi modifiant et compl\u00e9tant la loi 84-09 du 4 f\u00e9vrier 1984 relative \u00e0 l&rsquo;organisation territoriale du pays, pr\u00e9sent\u00e9 par le ministre de l&rsquo;Int\u00e9rieur, des Collectivit\u00e9s locales et de l&rsquo;Am\u00e9nagement du territoire, pr\u00e9cise le communiqu\u00e9.<\/p>\n<blockquote readability=\"15\">\n<p><em><strong>Ce projet de loi \u00ab\u00a0vise \u00e0 \u00e9riger les dix (10) circonscriptions administratives cr\u00e9\u00e9es dans le sud alg\u00e9rien, et r\u00e9parties sur huit (8) wilayas, en wilayas dot\u00e9es de pleines pr\u00e9rogatives, quatre (4) ans apr\u00e8s leur cr\u00e9ation, et ce, au regard de la maturit\u00e9 de leur cadre institutionnel et op\u00e9rationnel qui leur permet d&rsquo;accomplir pleinement leurs missions, en toute autonomie\u00a0\u00bb, selon le m\u00eame communiqu\u00e9.<\/strong><\/em><\/p>\n<\/blockquote>\n<p>Ce d\u00e9coupage vise \u00ab\u00a0\u00e0 renforcer la d\u00e9centralisation, \u00e0 assurer une r\u00e9partition \u00e9quilibr\u00e9e du territoire, \u00e0 am\u00e9liorer son attractivit\u00e9 de mani\u00e8re \u00e0 r\u00e9pondre aux exigences du d\u00e9veloppement socio-\u00e9conomique au profit des citoyens, notamment dans les r\u00e9gions frontali\u00e8res, et \u00e0 rapprocher les services publics de ces r\u00e9gions\u00a0\u00bb.<\/p>\n<p>Il vise \u00e9galement \u00ab\u00a0\u00e0 faire des wilayas du sud, qui passeront de 9 wilayas actuellement \u00e0 19 wilayas, un catalyseur du d\u00e9veloppement national, capable de prendre en charge les citoyens et de cr\u00e9er la dynamique \u00e9conomique escompt\u00e9e qui \u00e9rigera cette r\u00e9gion en p\u00f4le r\u00e9gional par excellence\u00a0\u00bb.<\/p>\n<blockquote readability=\"19\">\n<p><em><strong>A ce titre, le texte de loi pr\u00e9voit la cr\u00e9ation de dix (10) nouvelles wilayas au sud du pays, \u00e0 savoir: Timimoune, Bordj Badji Mokhtar, Ouled Djellal, Beni Abb\u00e8s, In Salah, In Guezzam, Touggourt, Djanet, El-Meghaier et El-Menia. Le territoire national comptera ainsi 58 wilayas alors que le nombre de commune demeurera inchang\u00e9, soit 1.541 communes.<\/strong><\/em><\/p>\n<\/blockquote>\n<p>Apr\u00e8s l&rsquo;adoption de ce projet de loi, le chef de l&rsquo;Etat a soulign\u00e9 que cette d\u00e9cision vient \u00ab\u00a0couronner le processus de d\u00e9veloppement de l&rsquo;organisation territoriale du pays en accord avec les mutations socio-\u00e9conomiques enregistr\u00e9es au cours des derni\u00e8res d\u00e9cennies et vise \u00e0 assurer la meilleure prise en charge possible des besoins de ces r\u00e9gions, \u00e0 renforcer leur participation \u00e0 la gestion de leurs affaires et \u00e0 optimiser l&rsquo;accompagnement des pouvoirs publics de la dynamique de d\u00e9veloppement local, de m\u00eame qu&rsquo;elle traduit l&rsquo;int\u00e9r\u00eat accord\u00e9 par l&rsquo;Etat \u00e0 la promotion du sud, notamment les r\u00e9gions frontali\u00e8res, pour permettre \u00e0 nos concitoyens l\u00e0-bas de b\u00e9n\u00e9ficier des m\u00eames niveaux de d\u00e9veloppement et de prosp\u00e9rit\u00e9\u00a0\u00bb.<\/p>\n<p>En vue \u00ab\u00a0d&rsquo;acc\u00e9l\u00e9rer l&rsquo;application des dispositions de cette loi\u00a0\u00bb, le chef de l&rsquo;Etat a charg\u00e9 le gouvernement \u00ab\u00a0de la mise en place d&rsquo;un m\u00e9canisme sp\u00e9cial pour superviser toutes les parties concern\u00e9es par l&rsquo;ajustement des aspects techniques relatifs \u00e0 la cr\u00e9ation des nouvelles wilayas et au recensement des structures devant abriter les directions de wilayas et organiser leurs services administratifs, ainsi que des aspects financiers et de ceux relatifs \u00e0 la ressource humaine et au transfert des comp\u00e9tences\u00a0\u00bb.<\/p>\n<hr\/>\n<p><em><strong>Lire aussi:\u00a0<\/strong><\/em><a href=\"http:\/\/www.aps.dz\/algerie\/98074-bedoui-presente-au-conseil-des-ministres-le-bilan-de-l-action-gouvernementale\">Bedoui pr\u00e9sente au Conseil des ministres le bilan de l&rsquo;action gouvernementale<\/a><\/p>\n<hr\/>\n<p>Le chef de l&rsquo;Etat a charg\u00e9 \u00e9galement les walis des wilayas m\u00e8res \u00ab\u00a0d&rsquo;accompagner le processus de cr\u00e9ation de ces nouvelles wilayas jusqu&rsquo;\u00e0 la r\u00e9union de toutes les conditions mat\u00e9rielles, humaines et juridiques, pour permettre \u00e0 ces wilayas de s&rsquo;acquitter convenablement de leurs missions sans entraver le bon d\u00e9roulement des services de l&rsquo;Etat et pour la prise en charge des besoins du citoyen\u00a0\u00bb.<\/p>\n<p>Dans le m\u00eame sillage, le conseil des ministres a approuv\u00e9 un projet de d\u00e9cret pr\u00e9sidentiel portant cr\u00e9ation de circonscriptions administratives dans la r\u00e9gion des Hauts Plateau et d\u00e9finition des r\u00e8gles y aff\u00e9rentes.<\/p>\n<blockquote readability=\"16\">\n<p><em><strong>\u00ab\u00a0Les nouvelles circonscriptions administratives au niveau des Hauts Plateaux ont \u00e9t\u00e9 propos\u00e9es sur la base de crit\u00e8res objectifs r\u00e9pondant au principe de d\u00e9centralisation, \u00e0 travers le rapprochement de l&rsquo;administration du citoyen, ainsi qu&rsquo;aux exigences du d\u00e9veloppement durable escompt\u00e9 au profit du citoyen et en r\u00e9ponse \u00e0 ses aspirations exprim\u00e9es, car \u00e9tant la cl\u00e9 de voute du d\u00e9veloppement national, ce qui les habilitera \u00e0 r\u00e9aliser un v\u00e9ritable d\u00e9collage en mati\u00e8re de d\u00e9veloppement et renforcera leur attractivit\u00e9 dans tous les domaines pour cr\u00e9er, ainsi, une dynamique au niveau de la bande des Hauts plateaux et contribuer \u00e0 relier entre les r\u00e9gions du sud et celles du nord, conform\u00e9ment aux objectifs du Sch\u00e9ma national de l&rsquo;am\u00e9nagement du territoire (SNAT) pour 2030\u00a0\u00bb, ajoute le communiqu\u00e9.<\/strong><\/em><\/p>\n<\/blockquote>\n<p>Ainsi, le projet de d\u00e9cret pr\u00e9sidentiel pr\u00e9voit la cr\u00e9ation de quarante-quatre (44) nouvelles circonscriptions administratives r\u00e9parties sur dix- neuf (19) wilaya, \u00e0 savoir: Laghouat (Aflou), Oum El Bouaghi (Ain Beida et Ain Mlila), Batna (Barika, Arris et Merouana), Bouira (Sour El<\/p>\n<p>Ghozlane et Ain Bessem), T\u00e9bessa (Bir El Ater, Ch\u00e9ria et Ouenza), Tlemcen (Maghnia et Sebdou), Tiaret (Frenda et Ksar Chellala), Djelfa (Mess\u00e2d et Ain Oussara), Setif (El Eulma, Bougaa et Ain Oulmene), Sidi Bel Abbes (T\u00e9lagh, Sfisef, Ben Badis et Ras El Ma), M\u00e9d\u00e9a (Ksar El Boukhari, Berrouaghia, Beni Slimane et Tablat), M&rsquo;Sila (Bousa\u00e2da, Magra et Sidi Aissa), El Bayadh (El Abiodh Sidi Cheikh), Bordj Bou Arreridj (Ras El Oued), Tissemsilt (Theniet El Had), Khenchela (Chechar, Ka\u00efs et Ouled Rechache), Souk Ahras (S\u00e9drata et Taoura), Mila (Fardjiouan, Chelghuom La\u00efd et Tadjenanet) et Na\u00e2ma (Mecheria et Ain Sefra).<\/p>\n<p>Apr\u00e8s l&rsquo;adoption du projet du d\u00e9cret pr\u00e9sidentiel, le Chef de l&rsquo;Etat a charg\u00e9 le chef du gouvernement de suivre \u00ab\u00a0une m\u00e9thodologie rationnelle en mati\u00e8re d&rsquo;accompagnement de l&rsquo;op\u00e9ration de cr\u00e9ation de ces nouvelles circonscriptions administratives, en tirant profit de l&rsquo;exp\u00e9rience de cr\u00e9ation des circonscriptions administratives du sud du pays, et d&rsquo;oeuvrer \u00e0 la mobilisation de toutes les ressources humaines et mat\u00e9rielles n\u00e9cessaires, \u00e0 condition de traduire cette mesure, \u00e9tape par \u00e9tape, sur le terrain en vue d&rsquo;impulser une forte dynamique au d\u00e9veloppement local, dans ces r\u00e9gions, et hisser le niveau des services publics prodigu\u00e9s aux citoyen.<\/p>\n<p>Il a charg\u00e9 le chef du gouvernement \u00ab\u00a0de pr\u00e9parer la prochaine \u00e9tape de l&rsquo;organisation administrative au niveau des wilayas du Sud, en cr\u00e9ant des circonscriptions administratives \u00e0 leur niveau et poursuivre le processus de renforcement de l&rsquo;efficacit\u00e9 de cette organisation en vue d&rsquo;atteindre les objectifs escompt\u00e9s.<\/p>\n<\/div>\n<p>Auteur:<br \/>\n<a href=\"http:\/\/www.aps.dz\/regions\/98070-conseil-des-ministres-10-circonscriptions-administratives-erigees-en-wilayas-dotees-de-pleines-prerogatives\">Cliquez ici pour lire l&rsquo;article depuis sa source.<\/a><\/p>\n","protected":false},"excerpt":{"rendered":"<p>ALGER- Le Conseil des ministres a adopt\u00e9 mardi, lors d&rsquo;une r\u00e9union, pr\u00e9sid\u00e9e par le chef de l&rsquo;Etat, Abdelkader Bensalah, un projet de loi visant \u00e0 \u00e9riger les dix (10) circonscriptions administratives cr\u00e9\u00e9es dans le sud alg\u00e9rien, et r\u00e9parties sur huit (8) wilayas, en wilayas dot\u00e9es de pleines pr\u00e9rogatives, a indiqu\u00e9 le conseil dans un communiqu\u00e9. [&hellip;]<\/p>\n","protected":false},"author":1790,"featured_media":0,"comment_status":"closed","ping_status":"closed","sticky":false,"template":"","format":"standard","meta":{"fifu_image_url":"","fifu_image_alt":"","footnotes":""},"categories":[53,76],"tags":[],"class_list":["post-68690","post","type-post","status-publish","format-standard","hentry","category-algerie","category-regions"],"_links":{"self":[{"href":"https:\/\/linitiative.ca\/International\/wp-json\/wp\/v2\/posts\/68690","targetHints":{"allow":["GET"]}}],"collection":[{"href":"https:\/\/linitiative.ca\/International\/wp-json\/wp\/v2\/posts"}],"about":[{"href":"https:\/\/linitiative.ca\/International\/wp-json\/wp\/v2\/types\/post"}],"author":[{"embeddable":true,"href":"https:\/\/linitiative.ca\/International\/wp-json\/wp\/v2\/users\/1790"}],"replies":[{"embeddable":true,"href":"https:\/\/linitiative.ca\/International\/wp-json\/wp\/v2\/comments?post=68690"}],"version-history":[{"count":0,"href":"https:\/\/linitiative.ca\/International\/wp-json\/wp\/v2\/posts\/68690\/revisions"}],"wp:attachment":[{"href":"https:\/\/linitiative.ca\/International\/wp-json\/wp\/v2\/media?parent=68690"}],"wp:term":[{"taxonomy":"category","embeddable":true,"href":"https:\/\/linitiative.ca\/International\/wp-json\/wp\/v2\/categories?post=68690"},{"taxonomy":"post_tag","embeddable":true,"href":"https:\/\/linitiative.ca\/International\/wp-json\/wp\/v2\/tags?post=68690"}],"curies":[{"name":"wp","href":"https:\/\/api.w.org\/{rel}","templated":true}]}}