{"id":68693,"date":"2019-11-27T11:16:02","date_gmt":"2019-11-27T16:16:02","guid":{"rendered":"https:\/\/linitiative.ca\/International\/metro-et-tramway-dalger-les-projets-dextension-lances-avant-la-fin-decembre-2019\/"},"modified":"2019-11-27T11:16:02","modified_gmt":"2019-11-27T16:16:02","slug":"metro-et-tramway-dalger-les-projets-dextension-lances-avant-la-fin-decembre-2019","status":"publish","type":"post","link":"https:\/\/linitiative.ca\/International\/metro-et-tramway-dalger-les-projets-dextension-lances-avant-la-fin-decembre-2019\/","title":{"rendered":"M\u00e9tro et tramway d&rsquo;Alger: les projets d&rsquo;extension lanc\u00e9s avant la fin d\u00e9cembre 2019"},"content":{"rendered":"<div readability=\"39\">\n<p><strong>ALGER- Le wali d&rsquo;Alger, Abdelkhalek Sayouda a annonc\u00e9, mercredi, le lancement des projets d&rsquo;extension du m\u00e9tro et du tramway d&rsquo;Alger, avant la fin de l&rsquo;ann\u00e9e en cours, et ce apr\u00e8s la lev\u00e9e du gel par le Gouvernement.<\/strong><\/p>\n<\/div>\n<div readability=\"80.9713292789\">\n<p>Supervisant les travaux de la session ordinaire de l&rsquo;Assembl\u00e9e populaire de wilaya (APW), le wali a indiqu\u00e9 que le Gouvernement avait donn\u00e9 son accord concernant la lev\u00e9e du gel sur des projets importants \u00e0 la capitale,en t\u00eate desquels l&rsquo;extension du m\u00e9tro et du tramway d&rsquo;Alger\u00a0\u00bb, dont les travaux d\u00e9buteront \u00ab\u00a0avant la fin de l&rsquo;ann\u00e9e en cours\u00a0\u00bb.<\/p>\n<p>Les travaux d&rsquo;extension du m\u00e9tro d&rsquo;Alger au niveau de la ligne Bab El Oued- Chevalley (9.5 km) seront confi\u00e9s \u00e0 l&rsquo;entreprise publique Cosider\u00a0\u00bb, a-t-il dit.<\/p>\n<blockquote readability=\"9\">\n<p><em><strong>Le deuxi\u00e8me projet concern\u00e9 par la lev\u00e9e du gel, poursuit M. Sayouda, est celui du tramway d&rsquo;Alger qui conna\u00eetra l&rsquo;extension de la ligne Dergana (Bordj El Keffan) et Heraoua jusqu&rsquo;\u00e0 Ain Taya et Bordj El Bahri\u00a0\u00bb.<\/strong><\/em><\/p>\n<\/blockquote>\n<p>Par ailleurs, le wali d&rsquo;Alger a fait \u00e9tat de nombre de projets importants dans le secteur des transports terrestre et maritime, financ\u00e9s par la wilaya notamment la r\u00e9alisation d&rsquo;un d\u00e9doublement de trois axes routiers deplus de 25 km au niveau de la r\u00e9gion Est, outre la radiale de Oued Ouchayeh (100 m lin\u00e9aire).<\/p>\n<p>Il a \u00e9galement \u00e9voqu\u00e9 le projet de l&rsquo;entr\u00e9e des Annassers qui, a-t-il dit, \u00ab\u00a0constituera un axe suppl\u00e9mentaire au c\u0153ur d&rsquo;Alger\u00a0\u00bb reliant Kouba et Birkhadem menant jusqu&rsquo;\u00e0 la rocade sud pr\u00e8s de Oued Mazafran via la RN1 sur un lin\u00e9aire de 19 km.<\/p>\n<hr\/>\n<p><strong>Lire aussi:<\/strong>\u00a0<a href=\"http:\/\/www.aps.dz\/economie\/95695-metro-d-alger-acquisition-d-un-tunnelier-pour-parachever-les-travaux-d-extension\">Extension du M\u00e9tro d&rsquo;Alger: acquisition d&rsquo;un tunnelier pour parachever les travaux<\/a><\/p>\n<hr\/>\n<p>Selon le wali d&rsquo;Alger, le programme de d\u00e9veloppement du r\u00e9seau routier avance bien, avec l&rsquo;inscription des projets \u00ab\u00a0de proximit\u00e9\u00a0\u00bb financ\u00e9s par la wilaya dans le but de \u00ab\u00a0renforcer, restructurer et r\u00e9habiliter le r\u00e9seau routier\u00a0\u00bb, rappelant, dans ce sens, \u00ab\u00a0la r\u00e9alisation de 20 routes\u00a0\u00bb.<\/p>\n<p>La wilaya d&rsquo;Alger a consacr\u00e9 une enveloppe de 5 mds DA pour la r\u00e9alisation de 10 projets destin\u00e9s \u00e0 l&rsquo;accompagnement des projets des nouvelles agglom\u00e9rations, en attendant la concr\u00e9tisation d&rsquo;un d\u00e9doublement de voie de 15 km au niveau de la zone\u00a0 d&rsquo;expansion touristique (ZET) \u00ab\u00a0Palm Beach\u00a0\u00bb \u00e0 la commune de Staoueli, a fait savoir M. Sayouda.<\/p>\n<p>Les services de la wilaya d&rsquo;Alger ont contribu\u00e9 au financement des programmes d&rsquo;entretien et de maintenance des routes, \u00e0 savoir: le bitumage et la r\u00e9habilitation des routes communales et urbaines soit \u00ab\u00a0un total de 27 projets de plus de 180 km\u00a0\u00bb, a-t-il rappel\u00e9<\/p>\n<\/div>\n<p>Auteur:<br \/>\n<a href=\"http:\/\/www.aps.dz\/regions\/98109-metro-et-tramway-d-alger-les-projets-d-extension-lances-avant-la-fin-decembre-2019\">Cliquez ici pour lire l&rsquo;article depuis sa source.<\/a><\/p>\n","protected":false},"excerpt":{"rendered":"<p>ALGER- Le wali d&rsquo;Alger, Abdelkhalek Sayouda a annonc\u00e9, mercredi, le lancement des projets d&rsquo;extension du m\u00e9tro et du tramway d&rsquo;Alger, avant la fin de l&rsquo;ann\u00e9e en cours, et ce apr\u00e8s la lev\u00e9e du gel par le Gouvernement. Supervisant les travaux de la session ordinaire de l&rsquo;Assembl\u00e9e populaire de wilaya (APW), le wali a indiqu\u00e9 que [&hellip;]<\/p>\n","protected":false},"author":1790,"featured_media":0,"comment_status":"closed","ping_status":"closed","sticky":false,"template":"","format":"standard","meta":{"fifu_image_url":"","fifu_image_alt":"","footnotes":""},"categories":[53,76],"tags":[],"class_list":["post-68693","post","type-post","status-publish","format-standard","hentry","category-algerie","category-regions"],"_links":{"self":[{"href":"https:\/\/linitiative.ca\/International\/wp-json\/wp\/v2\/posts\/68693","targetHints":{"allow":["GET"]}}],"collection":[{"href":"https:\/\/linitiative.ca\/International\/wp-json\/wp\/v2\/posts"}],"about":[{"href":"https:\/\/linitiative.ca\/International\/wp-json\/wp\/v2\/types\/post"}],"author":[{"embeddable":true,"href":"https:\/\/linitiative.ca\/International\/wp-json\/wp\/v2\/users\/1790"}],"replies":[{"embeddable":true,"href":"https:\/\/linitiative.ca\/International\/wp-json\/wp\/v2\/comments?post=68693"}],"version-history":[{"count":0,"href":"https:\/\/linitiative.ca\/International\/wp-json\/wp\/v2\/posts\/68693\/revisions"}],"wp:attachment":[{"href":"https:\/\/linitiative.ca\/International\/wp-json\/wp\/v2\/media?parent=68693"}],"wp:term":[{"taxonomy":"category","embeddable":true,"href":"https:\/\/linitiative.ca\/International\/wp-json\/wp\/v2\/categories?post=68693"},{"taxonomy":"post_tag","embeddable":true,"href":"https:\/\/linitiative.ca\/International\/wp-json\/wp\/v2\/tags?post=68693"}],"curies":[{"name":"wp","href":"https:\/\/api.w.org\/{rel}","templated":true}]}}