{"id":68696,"date":"2019-11-27T11:04:45","date_gmt":"2019-11-27T16:04:45","guid":{"rendered":"https:\/\/linitiative.ca\/International\/des-detenus-des-evenements-dal-hoceima-transferes-a-guercif\/"},"modified":"2019-11-27T11:04:45","modified_gmt":"2019-11-27T16:04:45","slug":"des-detenus-des-evenements-dal-hoceima-transferes-a-guercif","status":"publish","type":"post","link":"https:\/\/linitiative.ca\/International\/des-detenus-des-evenements-dal-hoceima-transferes-a-guercif\/","title":{"rendered":"Des d\u00e9tenus des \u00e9v\u00e9nements d\u2019Al Hoceima transf\u00e9r\u00e9s \u00e0 Guercif"},"content":{"rendered":"<div class=\"single-featured\"><img alt=\"\" data-src=\"http:\/\/www.mapoujda.ma\/map\/uploads\/2019\/11\/\u0627\u0644\u0633\u062c\u0646-\u0627\u0644\u0645\u062d\u0644\u064a.jpg\"\/><\/div>\n<div class=\"entry-content clearfix single-post-content\" readability=\"57\">\n<p class=\"c5\">La D\u00e9l\u00e9gation g\u00e9n\u00e9rale \u00e0 l\u2019administration p\u00e9nitentiaire et \u00e0 la r\u00e9insertion (DGAPR) a proc\u00e9d\u00e9, mercredi, au transfert des prisonniers (W.B), (H.M), (Z.A) et (S.I), incarc\u00e9r\u00e9s dans le cadre des \u00e9v\u00e9nements d\u2019Al Hoceima, de la prison locale Ras El Ma \u00e0 F\u00e8s \u00e0 la prison locale de Guercif.<\/p>\n<p class=\"c5\">Dans un communiqu\u00e9, la DGAPR indique que ce transfert s\u2019inscrit dans le cadre \u00ab\u00a0du rapprochement des prisonniers de leurs familles en vue de pr\u00e9server leurs liens familiaux et sociaux\u00a0\u00bb.<\/p>\n<p class=\"c5\">Les d\u00e9tenus concern\u00e9s avaient pr\u00e9sent\u00e9, en date du 25 novembre, un avis faisant \u00e9tat de la fin de la gr\u00e8ve de la faim qu\u2019ils avaient entam\u00e9e le 19 du m\u00eame mois, ajoute la m\u00eame source.<\/p>\n<p class=\"c5\">La DGAPR proc\u00e8dera \u00e9galement au transfert des d\u00e9tenus (I.C) et (S.T), suite \u00e0 leur demande, \u00e0 des \u00e9tablissements p\u00e9nitentiaires proche de leurs familles, conclut le communiqu\u00e9.<\/p>\n<\/div>\n<p>Auteur: Soufiane ELAHMAR<br \/>\n<a href=\"http:\/\/www.mapoujda.ma\/fr\/des-detenus-des-evenements-dal-hoceima-transferes-a-guercif\/\">Cliquez ici pour lire l&rsquo;article depuis sa source.<\/a><\/p>\n","protected":false},"excerpt":{"rendered":"<p>La D\u00e9l\u00e9gation g\u00e9n\u00e9rale \u00e0 l\u2019administration p\u00e9nitentiaire et \u00e0 la r\u00e9insertion (DGAPR) a proc\u00e9d\u00e9, mercredi, au transfert des prisonniers (W.B), (H.M), (Z.A) et (S.I), incarc\u00e9r\u00e9s dans le cadre des \u00e9v\u00e9nements d\u2019Al Hoceima, de la prison locale Ras El Ma \u00e0 F\u00e8s \u00e0 la prison locale de Guercif. Dans un communiqu\u00e9, la DGAPR indique que ce transfert [&hellip;]<\/p>\n","protected":false},"author":1788,"featured_media":68697,"comment_status":"closed","ping_status":"closed","sticky":false,"template":"","format":"standard","meta":{"fifu_image_url":"","fifu_image_alt":"","footnotes":""},"categories":[54,76],"tags":[],"class_list":["post-68696","post","type-post","status-publish","format-standard","has-post-thumbnail","hentry","category-maroc","category-regions"],"_links":{"self":[{"href":"https:\/\/linitiative.ca\/International\/wp-json\/wp\/v2\/posts\/68696","targetHints":{"allow":["GET"]}}],"collection":[{"href":"https:\/\/linitiative.ca\/International\/wp-json\/wp\/v2\/posts"}],"about":[{"href":"https:\/\/linitiative.ca\/International\/wp-json\/wp\/v2\/types\/post"}],"author":[{"embeddable":true,"href":"https:\/\/linitiative.ca\/International\/wp-json\/wp\/v2\/users\/1788"}],"replies":[{"embeddable":true,"href":"https:\/\/linitiative.ca\/International\/wp-json\/wp\/v2\/comments?post=68696"}],"version-history":[{"count":0,"href":"https:\/\/linitiative.ca\/International\/wp-json\/wp\/v2\/posts\/68696\/revisions"}],"wp:featuredmedia":[{"embeddable":true,"href":"https:\/\/linitiative.ca\/International\/wp-json\/"}],"wp:attachment":[{"href":"https:\/\/linitiative.ca\/International\/wp-json\/wp\/v2\/media?parent=68696"}],"wp:term":[{"taxonomy":"category","embeddable":true,"href":"https:\/\/linitiative.ca\/International\/wp-json\/wp\/v2\/categories?post=68696"},{"taxonomy":"post_tag","embeddable":true,"href":"https:\/\/linitiative.ca\/International\/wp-json\/wp\/v2\/tags?post=68696"}],"curies":[{"name":"wp","href":"https:\/\/api.w.org\/{rel}","templated":true}]}}