{"id":68704,"date":"2019-11-27T15:10:27","date_gmt":"2019-11-27T20:10:27","guid":{"rendered":"https:\/\/linitiative.ca\/International\/divers-lex-de-balotelli-se-paye-le-president-de-brescia-apres-sa-blague\/"},"modified":"2019-11-27T15:10:27","modified_gmt":"2019-11-27T20:10:27","slug":"divers-lex-de-balotelli-se-paye-le-president-de-brescia-apres-sa-blague","status":"publish","type":"post","link":"https:\/\/linitiative.ca\/International\/divers-lex-de-balotelli-se-paye-le-president-de-brescia-apres-sa-blague\/","title":{"rendered":"Divers : L\u2019ex de Balotelli se paye le pr\u00e9sident de Brescia apr\u00e8s sa blague"},"content":{"rendered":"<div readability=\"32\">\n<p>Auteur : <span class=\"time\">mercredi 27 novembre 2019 16:45<\/span><\/p>\n<\/div>\n<div id=\"post_core\" readability=\"55\">\n<p>Pour\u00a0\u200bMario Balotelli, le retour en\u00a0\u200bSerie A\u00a0s&rsquo;av\u00e8re plus difficile que pr\u00e9vu. Auteur de 2 petits buts en 7 matchs de championnat, l&rsquo;attaquant italien ne brille pas franchement, et re\u00e7oit surtout de nombreuses critiques sur son jeu&#8230; et sa couleur de peau.\u00a0R\u00e9guli\u00e8rement vis\u00e9 par\u00a0des cris racistes, l&rsquo;ancien de l&rsquo;OM ne peut m\u00eame pas compter sur le pr\u00e9sident de Brescia, Massimo Cellino&#8230;\u00a0<\/p>\n<p>Au cours des derniers jours,\u00a0\u200ble dirigeant a d&rsquo;abord envoy\u00e9 un pic \u00e0 Balotelli, avant de faire croire \u00e0 une blague. Des propos honteux, pour lesquelles l&rsquo;ex-compagne de \u00ab\u00a0Super Mario\u00a0\u00bb Raffaella Fico a r\u00e9agi.\u00a0\u00ab\u00a0La phrase de Cellino sur Balotelli est pitoyable. Si c\u2019\u00e9tait\u00a0vraiment\u00a0une blague, comme je l\u2019ai entendu, c&rsquo;est tout aussi malheureux car on ne devrait pas plaisanter sur ces questions.\u00a0\u00bb\u00a0Une jolie sortie, qui fera certainement plaisir \u00e0 l&rsquo;Italien, qui re\u00e7oit tout de m\u00eame de nombreux soutiens, malgr\u00e9 un manque \u00e9vident de compassion dans son propre club. Source : 90min.<\/p>\n<p><strong>Publi\u00e9 dans :<\/strong> <span>balotelli<\/span> <span>Brescia<\/span><\/p>\n<\/div>\n<p>Auteur:<br \/>\n<a href=\"http:\/\/www.lebuteur.com\/article\/detail?titre=lex-de-balotelli-se-paye-le-president-de-brescia-apres-sa-blague&#038;id=93224&#038;utm_source=feedburner&#038;utm_medium=feed&#038;utm_campaign=Feed%3A+GalerieFArtciles+%28Les+derniers+articles++-+lebuteur.com%29\">Cliquez ici pour lire l&rsquo;article depuis sa source.<\/a><\/p>\n","protected":false},"excerpt":{"rendered":"<p>Auteur : mercredi 27 novembre 2019 16:45 Pour\u00a0\u200bMario Balotelli, le retour en\u00a0\u200bSerie A\u00a0s&rsquo;av\u00e8re plus difficile que pr\u00e9vu. Auteur de 2 petits buts en 7 matchs de championnat, l&rsquo;attaquant italien ne brille pas franchement, et re\u00e7oit surtout de nombreuses critiques sur son jeu&#8230; et sa couleur de peau.\u00a0R\u00e9guli\u00e8rement vis\u00e9 par\u00a0des cris racistes, l&rsquo;ancien de l&rsquo;OM ne [&hellip;]<\/p>\n","protected":false},"author":1738,"featured_media":68705,"comment_status":"closed","ping_status":"closed","sticky":false,"template":"","format":"standard","meta":{"fifu_image_url":"","fifu_image_alt":"","footnotes":""},"categories":[53,75],"tags":[],"class_list":["post-68704","post","type-post","status-publish","format-standard","has-post-thumbnail","hentry","category-algerie","category-sport"],"_links":{"self":[{"href":"https:\/\/linitiative.ca\/International\/wp-json\/wp\/v2\/posts\/68704","targetHints":{"allow":["GET"]}}],"collection":[{"href":"https:\/\/linitiative.ca\/International\/wp-json\/wp\/v2\/posts"}],"about":[{"href":"https:\/\/linitiative.ca\/International\/wp-json\/wp\/v2\/types\/post"}],"author":[{"embeddable":true,"href":"https:\/\/linitiative.ca\/International\/wp-json\/wp\/v2\/users\/1738"}],"replies":[{"embeddable":true,"href":"https:\/\/linitiative.ca\/International\/wp-json\/wp\/v2\/comments?post=68704"}],"version-history":[{"count":0,"href":"https:\/\/linitiative.ca\/International\/wp-json\/wp\/v2\/posts\/68704\/revisions"}],"wp:featuredmedia":[{"embeddable":true,"href":"https:\/\/linitiative.ca\/International\/wp-json\/"}],"wp:attachment":[{"href":"https:\/\/linitiative.ca\/International\/wp-json\/wp\/v2\/media?parent=68704"}],"wp:term":[{"taxonomy":"category","embeddable":true,"href":"https:\/\/linitiative.ca\/International\/wp-json\/wp\/v2\/categories?post=68704"},{"taxonomy":"post_tag","embeddable":true,"href":"https:\/\/linitiative.ca\/International\/wp-json\/wp\/v2\/tags?post=68704"}],"curies":[{"name":"wp","href":"https:\/\/api.w.org\/{rel}","templated":true}]}}