{"id":68706,"date":"2019-11-27T15:10:28","date_gmt":"2019-11-27T20:10:28","guid":{"rendered":"https:\/\/linitiative.ca\/International\/international-as-monaco-slimani-connait-la-duree-de-sa-suspension\/"},"modified":"2019-11-27T15:10:28","modified_gmt":"2019-11-27T20:10:28","slug":"international-as-monaco-slimani-connait-la-duree-de-sa-suspension","status":"publish","type":"post","link":"https:\/\/linitiative.ca\/International\/international-as-monaco-slimani-connait-la-duree-de-sa-suspension\/","title":{"rendered":"International : AS Monaco : Slimani connait la dur\u00e9e de sa suspension"},"content":{"rendered":"<div readability=\"32\">\n<p>Auteur : <span class=\"time\">mercredi 27 novembre 2019 20:32<\/span><\/p>\n<\/div>\n<div id=\"post_core\" readability=\"38\">\n<p>En effet, l&rsquo;international alg\u00e9rien a \u00e9cop\u00e9 de deux matchs de suspension et manquera les deux prochains matchs de l&rsquo;AS Monaco, \u00e0 commencer par la r\u00e9ception du PSG dimanche en cl\u00f4ture de la 15e journ\u00e9e de Ligue 1 fran\u00e7aise. Slimani a \u00e9t\u00e9 expuls\u00e9 pour avoir re\u00e7u deux cartons jaunes lors de la derni\u00e8re journ\u00e9e, \u00e0 Bordeaux (2-1) comme le rapporte la LFP sur son site.<\/p>\n<p><strong>Publi\u00e9 dans :<\/strong> <span>slimani<\/span><\/p>\n<\/div>\n<p>Auteur:<br \/>\n<a href=\"http:\/\/www.lebuteur.com\/article\/detail?titre=as-monaco-slimani-connait-la-duree-de-sa-suspension&#038;id=93225&#038;utm_source=feedburner&#038;utm_medium=feed&#038;utm_campaign=Feed%3A+GalerieFArtciles+%28Les+derniers+articles++-+lebuteur.com%29\">Cliquez ici pour lire l&rsquo;article depuis sa source.<\/a><\/p>\n","protected":false},"excerpt":{"rendered":"<p>Auteur : mercredi 27 novembre 2019 20:32 En effet, l&rsquo;international alg\u00e9rien a \u00e9cop\u00e9 de deux matchs de suspension et manquera les deux prochains matchs de l&rsquo;AS Monaco, \u00e0 commencer par la r\u00e9ception du PSG dimanche en cl\u00f4ture de la 15e journ\u00e9e de Ligue 1 fran\u00e7aise. Slimani a \u00e9t\u00e9 expuls\u00e9 pour avoir re\u00e7u deux cartons jaunes [&hellip;]<\/p>\n","protected":false},"author":1738,"featured_media":68707,"comment_status":"closed","ping_status":"closed","sticky":false,"template":"","format":"standard","meta":{"fifu_image_url":"","fifu_image_alt":"","footnotes":""},"categories":[53,75],"tags":[],"class_list":["post-68706","post","type-post","status-publish","format-standard","has-post-thumbnail","hentry","category-algerie","category-sport"],"_links":{"self":[{"href":"https:\/\/linitiative.ca\/International\/wp-json\/wp\/v2\/posts\/68706","targetHints":{"allow":["GET"]}}],"collection":[{"href":"https:\/\/linitiative.ca\/International\/wp-json\/wp\/v2\/posts"}],"about":[{"href":"https:\/\/linitiative.ca\/International\/wp-json\/wp\/v2\/types\/post"}],"author":[{"embeddable":true,"href":"https:\/\/linitiative.ca\/International\/wp-json\/wp\/v2\/users\/1738"}],"replies":[{"embeddable":true,"href":"https:\/\/linitiative.ca\/International\/wp-json\/wp\/v2\/comments?post=68706"}],"version-history":[{"count":0,"href":"https:\/\/linitiative.ca\/International\/wp-json\/wp\/v2\/posts\/68706\/revisions"}],"wp:featuredmedia":[{"embeddable":true,"href":"https:\/\/linitiative.ca\/International\/wp-json\/"}],"wp:attachment":[{"href":"https:\/\/linitiative.ca\/International\/wp-json\/wp\/v2\/media?parent=68706"}],"wp:term":[{"taxonomy":"category","embeddable":true,"href":"https:\/\/linitiative.ca\/International\/wp-json\/wp\/v2\/categories?post=68706"},{"taxonomy":"post_tag","embeddable":true,"href":"https:\/\/linitiative.ca\/International\/wp-json\/wp\/v2\/tags?post=68706"}],"curies":[{"name":"wp","href":"https:\/\/api.w.org\/{rel}","templated":true}]}}