{"id":68708,"date":"2019-11-27T15:19:51","date_gmt":"2019-11-27T20:19:51","guid":{"rendered":"https:\/\/linitiative.ca\/International\/m-gaid-salah-effectue-aujourdhui-une-visite-de-travail-au-commandement-de-la-garde-republicaine\/"},"modified":"2019-11-27T15:19:51","modified_gmt":"2019-11-27T20:19:51","slug":"m-gaid-salah-effectue-aujourdhui-une-visite-de-travail-au-commandement-de-la-garde-republicaine","status":"publish","type":"post","link":"https:\/\/linitiative.ca\/International\/m-gaid-salah-effectue-aujourdhui-une-visite-de-travail-au-commandement-de-la-garde-republicaine\/","title":{"rendered":"M. Ga\u00efd Salah effectue  aujourd\u2019hui une visite de travail au Commandement de la Garde r\u00e9publicaine"},"content":{"rendered":"<p>Le g\u00e9n\u00e9ral de corps d\u2019Arm\u00e9e, Ahmed Ga\u00efd Salah, vice-ministre de la D\u00e9fense nationale, chef d\u2019\u00e9tat-major de l\u2019Arm\u00e9e nationale populaire effectue aujourd\u2019hui une visite de travail et d&rsquo;inspection au Commandement de la Garde r\u00e9publicaine. Lors de cette visite, le g\u00e9n\u00e9ral de corps d\u2019Arm\u00e9e pr\u00e9sidera \u00ab\u00a0une r\u00e9union d&rsquo;orientation avec les cadres et personnels de la Garde r\u00e9publicaine\u00a0\u00bb.<\/p>\n<p>Auteur: elmoudjahid<br \/>\n<a href=\"http:\/\/www.elmoudjahid.com\/fr\/actualites\/145085\">Cliquez ici pour lire l&rsquo;article depuis sa source.<\/a><\/p>\n","protected":false},"excerpt":{"rendered":"<p>Le g\u00e9n\u00e9ral de corps d\u2019Arm\u00e9e, Ahmed Ga\u00efd Salah, vice-ministre de la D\u00e9fense nationale, chef d\u2019\u00e9tat-major de l\u2019Arm\u00e9e nationale populaire effectue aujourd\u2019hui une visite de travail et d&rsquo;inspection au Commandement de la Garde r\u00e9publicaine. Lors de cette visite, le g\u00e9n\u00e9ral de corps d\u2019Arm\u00e9e pr\u00e9sidera \u00ab\u00a0une r\u00e9union d&rsquo;orientation avec les cadres et personnels de la Garde r\u00e9publicaine\u00a0\u00bb. [&hellip;]<\/p>\n","protected":false},"author":1744,"featured_media":0,"comment_status":"closed","ping_status":"closed","sticky":false,"template":"","format":"standard","meta":{"fifu_image_url":"","fifu_image_alt":"","footnotes":""},"categories":[73,53],"tags":[],"class_list":["post-68708","post","type-post","status-publish","format-standard","hentry","category-actualite","category-algerie"],"_links":{"self":[{"href":"https:\/\/linitiative.ca\/International\/wp-json\/wp\/v2\/posts\/68708","targetHints":{"allow":["GET"]}}],"collection":[{"href":"https:\/\/linitiative.ca\/International\/wp-json\/wp\/v2\/posts"}],"about":[{"href":"https:\/\/linitiative.ca\/International\/wp-json\/wp\/v2\/types\/post"}],"author":[{"embeddable":true,"href":"https:\/\/linitiative.ca\/International\/wp-json\/wp\/v2\/users\/1744"}],"replies":[{"embeddable":true,"href":"https:\/\/linitiative.ca\/International\/wp-json\/wp\/v2\/comments?post=68708"}],"version-history":[{"count":0,"href":"https:\/\/linitiative.ca\/International\/wp-json\/wp\/v2\/posts\/68708\/revisions"}],"wp:attachment":[{"href":"https:\/\/linitiative.ca\/International\/wp-json\/wp\/v2\/media?parent=68708"}],"wp:term":[{"taxonomy":"category","embeddable":true,"href":"https:\/\/linitiative.ca\/International\/wp-json\/wp\/v2\/categories?post=68708"},{"taxonomy":"post_tag","embeddable":true,"href":"https:\/\/linitiative.ca\/International\/wp-json\/wp\/v2\/tags?post=68708"}],"curies":[{"name":"wp","href":"https:\/\/api.w.org\/{rel}","templated":true}]}}