{"id":68711,"date":"2019-11-27T15:19:56","date_gmt":"2019-11-27T20:19:56","guid":{"rendered":"https:\/\/linitiative.ca\/International\/creation-de-quatre-wilayas-deleguees-a-sidi-bel-abbes-renforcement-de-la-decentralisation\/"},"modified":"2019-11-27T15:19:56","modified_gmt":"2019-11-27T20:19:56","slug":"creation-de-quatre-wilayas-deleguees-a-sidi-bel-abbes-renforcement-de-la-decentralisation","status":"publish","type":"post","link":"https:\/\/linitiative.ca\/International\/creation-de-quatre-wilayas-deleguees-a-sidi-bel-abbes-renforcement-de-la-decentralisation\/","title":{"rendered":"Cr\u00e9ation de quatre wilayas d\u00e9l\u00e9gu\u00e9es  \u00e0 Sidi Bel-Abb\u00e8s  :  Renforcement  de la d\u00e9centralisation"},"content":{"rendered":"<p>Quatre wilaya d\u00e9l\u00e9gu\u00e9es seront cr\u00e9\u00e9es \u00e0 Sidi Bel-Abb\u00e8s, \u00e0 la suite des d\u00e9cisions du Conseil des ministres. Il s\u2019agit de Ras El- Ma,Telagh, Sfisef et Ben Badis, qui acquerront un nouveau statut pour b\u00e9n\u00e9ficier de moyens et d\u2019\u00e9quipements \u00e0 m\u00eame d\u2019accompagner leur mutation. Une v\u00e9ritable bouff\u00e9e d\u2019oxyg\u00e8ne pour cette wilaya longtemps caract\u00e9ris\u00e9e par le d\u00e9s\u00e9quilibre de ses zones pour subir cette contrainte majeure freinant son \u00e9lan. Et les responsables et \u00e9lus locaux furent souvent confront\u00e9s \u00e0 cette situation, recourant au budget de la wilaya pour r\u00e9pondre tant bien que mal aux attentes et besoins des populations. Joie et satisfaction se d\u00e9gageaient hier sur les visages de ces citoyens de l\u2019Alg\u00e9rie profonde, enfin rassur\u00e9s par une telle disposition de nature \u00e0 donner un nouvel essor socio-\u00e9conomique \u00e0 ces zones dont la vocation est agricole ou agro-pastorale. S\u2019il est vrai que des investissements colossaux ont \u00e9t\u00e9 consentis dans ces circonscriptions et leurs communes pour am\u00e9liorer\u00a0 les conditions de vie et d\u00e9velopper une infrastructure de base, \u00e0 l\u2019image de ligne de chemin de fer transitant par Telagh et Ras El-Ma vers le\u00a0 grand Sud, il n\u2019en demeure pas moins que le d\u00e9ficit financier\u00a0 et le sous-encadrement sont patents et d\u00e9mobilisent les plus volontaires. Une situation qui a encourag\u00e9 l\u2019exode rural et encombr\u00e9 le chef-lieu d\u00e9sormais satur\u00e9. Une nouvelle donne appara\u00eet pour ces r\u00e9gions aux grands atouts \u00e9conomiques pour prendre en charge leurs pr\u00e9occupations. En effet, Ras El-Ma, da\u00efra strat\u00e9gique par l\u2019implantation d\u2019imposantes institutions militaires, se distingue entre autres par l\u2019existence de vastes terres agricoles et steppiques autorisant la promotion de l\u2019activit\u00e9 pastorale et de la production laiti\u00e8re, ainsi que les arbres fruitiers, particuli\u00e8rement le pistachier et l\u2019amandier, et des activit\u00e9s annexes, telles que l\u2019apiculture. Autant de potentialit\u00e9s que renferme cette circonscription pour g\u00e9n\u00e9rer des richesses et cr\u00e9er des emplois. Le cas d\u2019Elath est relativement similaire, avec en plus l\u2019existence d\u2019un grand massif forestier pour le d\u00e9veloppement de l\u2019industrie du bois et la diversification des activit\u00e9s agricoles. Pour Ben-Badis, sur l\u2019axe Sidi Bel-Abb\u00e8s &#8211; Tlemcen, la fertilit\u00e9 de la terre pourrait favoriser une industrie agro-alimentaire. Enfin, pour ce qui est de Sfisef, o\u00f9 l\u2019on cultivait autrefois la betterave pour sa transformation en sucre, la zone des Ouled Slimane renferme \u00e9galement de grandes capacit\u00e9s dans les domaines de l\u2019agriculture et du tourisme, au vu de ses paysages panoramiques. La proximit\u00e9 de Bouhanifia ne peut que soulager sa population qui conna\u00eet une certaine pr\u00e9carit\u00e9. Tant attendue et revendiqu\u00e9e par les \u00e9lus locaux, cette d\u00e9cision d\u2019\u00e9riger ces circonscriptions en wilayas d\u00e9l\u00e9gu\u00e9es a raviv\u00e9 les sentiments d\u2019espoir et d\u2019esp\u00e9rance au sein des populations tenues \u00e0 leur tour de s\u2019investir pleinement dans le processus pour la r\u00e9ussite de la reconversion et un v\u00e9ritable d\u00e9collage socio-\u00e9conomique.<br \/>\u00a0A. Bellaha<\/p>\n<p>Auteur: elmoudjahid<br \/>\n<a href=\"http:\/\/www.elmoudjahid.com\/fr\/actualites\/145088\">Cliquez ici pour lire l&rsquo;article depuis sa source.<\/a><\/p>\n","protected":false},"excerpt":{"rendered":"<p>Quatre wilaya d\u00e9l\u00e9gu\u00e9es seront cr\u00e9\u00e9es \u00e0 Sidi Bel-Abb\u00e8s, \u00e0 la suite des d\u00e9cisions du Conseil des ministres. Il s\u2019agit de Ras El- Ma,Telagh, Sfisef et Ben Badis, qui acquerront un nouveau statut pour b\u00e9n\u00e9ficier de moyens et d\u2019\u00e9quipements \u00e0 m\u00eame d\u2019accompagner leur mutation. Une v\u00e9ritable bouff\u00e9e d\u2019oxyg\u00e8ne pour cette wilaya longtemps caract\u00e9ris\u00e9e par le d\u00e9s\u00e9quilibre [&hellip;]<\/p>\n","protected":false},"author":1744,"featured_media":0,"comment_status":"closed","ping_status":"closed","sticky":false,"template":"","format":"standard","meta":{"fifu_image_url":"","fifu_image_alt":"","footnotes":""},"categories":[73,53],"tags":[],"class_list":["post-68711","post","type-post","status-publish","format-standard","hentry","category-actualite","category-algerie"],"_links":{"self":[{"href":"https:\/\/linitiative.ca\/International\/wp-json\/wp\/v2\/posts\/68711","targetHints":{"allow":["GET"]}}],"collection":[{"href":"https:\/\/linitiative.ca\/International\/wp-json\/wp\/v2\/posts"}],"about":[{"href":"https:\/\/linitiative.ca\/International\/wp-json\/wp\/v2\/types\/post"}],"author":[{"embeddable":true,"href":"https:\/\/linitiative.ca\/International\/wp-json\/wp\/v2\/users\/1744"}],"replies":[{"embeddable":true,"href":"https:\/\/linitiative.ca\/International\/wp-json\/wp\/v2\/comments?post=68711"}],"version-history":[{"count":0,"href":"https:\/\/linitiative.ca\/International\/wp-json\/wp\/v2\/posts\/68711\/revisions"}],"wp:attachment":[{"href":"https:\/\/linitiative.ca\/International\/wp-json\/wp\/v2\/media?parent=68711"}],"wp:term":[{"taxonomy":"category","embeddable":true,"href":"https:\/\/linitiative.ca\/International\/wp-json\/wp\/v2\/categories?post=68711"},{"taxonomy":"post_tag","embeddable":true,"href":"https:\/\/linitiative.ca\/International\/wp-json\/wp\/v2\/tags?post=68711"}],"curies":[{"name":"wp","href":"https:\/\/api.w.org\/{rel}","templated":true}]}}