{"id":68713,"date":"2019-11-27T03:25:28","date_gmt":"2019-11-27T08:25:28","guid":{"rendered":"https:\/\/linitiative.ca\/International\/98075-uefa-l-equipe-type-de-l-annee-2019-mahrez-le-grand-absent\/"},"modified":"2019-11-27T03:25:28","modified_gmt":"2019-11-27T08:25:28","slug":"98075-uefa-l-equipe-type-de-l-annee-2019-mahrez-le-grand-absent","status":"publish","type":"post","link":"https:\/\/linitiative.ca\/International\/98075-uefa-l-equipe-type-de-l-annee-2019-mahrez-le-grand-absent\/","title":{"rendered":"UEFA\/ l&rsquo;\u00e9quipe type de l&rsquo;ann\u00e9e 2019 : Mahrez le grand absent"},"content":{"rendered":"<div readability=\"35\">\n<p><strong>NYON (Suisse) &#8211; L&rsquo;international alg\u00e9rien de Manchester City Riyad Mahrez, champion d\u2019Afrique et d\u2019Angleterre n\u2019a pas \u00e9t\u00e9 retenudans la liste des cinquante joueurs nomm\u00e9s pour figurer dans l&rsquo;\u00e9quipe type de l\u2019ann\u00e9e de l&rsquo;UEFA.<\/strong><\/p>\n<\/div>\n<div readability=\"67\">\n<p>Mahrez qui figure pourtant dans la liste des nomm\u00e9s pour le Ballon d\u2019Or 2019, paye sans aucun doute son temps de jeu limit\u00e9 avec les \u00a0\u00bb Citizens\u00a0\u00bb.<\/p>\n<p>En l&rsquo;absence du capitaine de la s\u00e9lection alg\u00e9rienne, la liste des joueurs nomm\u00e9s pour figurer dans l&rsquo;\u00e9quipe type de l\u2019ann\u00e9e est marqu\u00e9e par la pr\u00e9sence de six joueurs africains \u00e9voluant en Europe.<\/p>\n<p>A d\u00e9faut d\u2019\u00eatre dans le 11 type 2019 de la FIFA, le gardien camerounais Andr\u00e9 Onana (Ajax Amsterdam), le d\u00e9fenseur s\u00e9n\u00e9galais Kalidou Koulibaly (Naples), le milieu de terrain marocain Hakim Ziyech (Ajax Amsterdam), l\u2019attaquant gabonais Pierre-Emerick Aubameyang (Arsenal), l\u2019attaquant s\u00e9n\u00e9galais Sadio Man\u00e9 (Liverpool) et l\u2019attaquant \u00e9gyptien Mohamed Salah (Liverpool) peuvent esp\u00e9rer \u00eatre \u00e9lus dans l\u2019\u00e9quipe type de l\u2019UEFA.<\/p>\n<p>Dans cette liste, Liverpool, vainqueur de la Ligue des champions cette ann\u00e9e, est l\u2019\u00e9quipe la plus repr\u00e9sent\u00e9e avec dix joueurs nomm\u00e9s. En revanche, Karim Benzema, Antoine Griezmann, Luis Suarez, Neymar et Luka Modric n\u2019y figurent pas.<\/p>\n<p>Les nomin\u00e9s sont choisis par l\u2019\u00e9quipe \u00e9ditoriale d\u2019UEFA.com sur la base de leurs performances de janvier \u00e0 d\u00e9cembre 2019. Les performances des joueurs dans les comp\u00e9titions de l\u2019UEFA ont plus de poids dans l\u2019\u00e9valuation. Les votes sur UEFA.com seront ouverts jusqu\u2019au 9 janvier 2019, date \u00e0 laquelle la s\u00e9lection finale sera annonc\u00e9e, a pr\u00e9cis\u00e9 l&rsquo;instance.<\/p>\n<\/div>\n<p>Auteur:<br \/>\n<a href=\"http:\/\/www.aps.dz\/sport\/98075-uefa-l-equipe-type-de-l-annee-2019-mahrez-le-grand-absent?utm_source=feedburner&#038;utm_medium=feed&#038;utm_campaign=Feed%3A+aps-sport+%28APS+-+SPORT%29\">Cliquez ici pour lire l&rsquo;article depuis sa source.<\/a><\/p>\n","protected":false},"excerpt":{"rendered":"<p>NYON (Suisse) &#8211; L&rsquo;international alg\u00e9rien de Manchester City Riyad Mahrez, champion d\u2019Afrique et d\u2019Angleterre n\u2019a pas \u00e9t\u00e9 retenudans la liste des cinquante joueurs nomm\u00e9s pour figurer dans l&rsquo;\u00e9quipe type de l\u2019ann\u00e9e de l&rsquo;UEFA. Mahrez qui figure pourtant dans la liste des nomm\u00e9s pour le Ballon d\u2019Or 2019, paye sans aucun doute son temps de jeu [&hellip;]<\/p>\n","protected":false},"author":1790,"featured_media":0,"comment_status":"closed","ping_status":"closed","sticky":false,"template":"","format":"standard","meta":{"fifu_image_url":"","fifu_image_alt":"","footnotes":""},"categories":[53,75],"tags":[],"class_list":["post-68713","post","type-post","status-publish","format-standard","hentry","category-algerie","category-sport"],"_links":{"self":[{"href":"https:\/\/linitiative.ca\/International\/wp-json\/wp\/v2\/posts\/68713","targetHints":{"allow":["GET"]}}],"collection":[{"href":"https:\/\/linitiative.ca\/International\/wp-json\/wp\/v2\/posts"}],"about":[{"href":"https:\/\/linitiative.ca\/International\/wp-json\/wp\/v2\/types\/post"}],"author":[{"embeddable":true,"href":"https:\/\/linitiative.ca\/International\/wp-json\/wp\/v2\/users\/1790"}],"replies":[{"embeddable":true,"href":"https:\/\/linitiative.ca\/International\/wp-json\/wp\/v2\/comments?post=68713"}],"version-history":[{"count":0,"href":"https:\/\/linitiative.ca\/International\/wp-json\/wp\/v2\/posts\/68713\/revisions"}],"wp:attachment":[{"href":"https:\/\/linitiative.ca\/International\/wp-json\/wp\/v2\/media?parent=68713"}],"wp:term":[{"taxonomy":"category","embeddable":true,"href":"https:\/\/linitiative.ca\/International\/wp-json\/wp\/v2\/categories?post=68713"},{"taxonomy":"post_tag","embeddable":true,"href":"https:\/\/linitiative.ca\/International\/wp-json\/wp\/v2\/tags?post=68713"}],"curies":[{"name":"wp","href":"https:\/\/api.w.org\/{rel}","templated":true}]}}