{"id":68716,"date":"2019-11-27T10:36:00","date_gmt":"2019-11-27T15:36:00","guid":{"rendered":"https:\/\/linitiative.ca\/International\/mascara-187eme-anniversaire-de-lallegeance-a-lemir-abdelkader\/"},"modified":"2019-11-27T10:36:00","modified_gmt":"2019-11-27T15:36:00","slug":"mascara-187eme-anniversaire-de-lallegeance-a-lemir-abdelkader","status":"publish","type":"post","link":"https:\/\/linitiative.ca\/International\/mascara-187eme-anniversaire-de-lallegeance-a-lemir-abdelkader\/","title":{"rendered":"MASCARA : 187\u00e8me anniversaire de l\u2019all\u00e9geance \u00e0 l\u2019\u00e9mir Abdelkader"},"content":{"rendered":"<p><br id=\"sep_para_1\" class=\"sep_para access\"\/><\/p>\n<div id=\"para_1\" class=\"para_34231241 resize\">\n<div class=\"texte access firstletter\">L\u2019Emir Abdelkader, ce grand Soufi \u00e9tait plus connu par son sabre que par sa plume, les armes qu\u2019il avait manipul\u00e9es pour prot\u00e9ger sa patrie figurent en grande quantit\u00e9 dans les Mus\u00e9es, m\u00eame l\u2019ennemi de l\u2019\u00e9poque savait que Abdelkader manier parfaitement l\u2019arme que la plume. L\u2019Emir demeurent jusqu\u2019\u00e0 nos jours, l\u2019homme qui occupe le plus, les conf\u00e9rences \u00e0 travers le monde et dans toutes les langues. Cet homme soufi de son \u00e9tat, po\u00e8te, \u00e9crivain, pieux\u00a0 et sage, est un homme de foi et de sagesse, il a son mot sur le droit de l\u2019homme et du prisonnier en particulier. L\u2019Emir Abdelkader est r\u00e9duit \u00e0 une ic\u00f4ne, avec l\u2019image du cavalier intr\u00e9pide doubl\u00e9 du strat\u00e8ge Militaire, un personnage complet\u00e9 qui \u00e9tait avant tout un \u00e9rudit, et un penseur, form\u00e9 et encadr\u00e9 par de grands cheikhs, il a fouill\u00e9 dans les pens\u00e9es d\u2019Aristote, Ibn Khaldoun, Platon, Pythagore et le reste. Il prouvait ses connaissances\u00a0 dans ses lettres adress\u00e9es aux Fran\u00e7ais, on parle m\u00eame de l\u2019\u00e9tude des langues Persane, Himyarite, Arabe, Grecque, Syriaque, H\u00e9bra\u00efque, Latine, Copte, Berb\u00e8re, Andalouse, Chinoise. Selon un traducteur de ses \u0153uvres, Charles Henry Churchill, \u00ab il a trait\u00e9 les \u0153uvres de Platon, Pythagore, Aristote,\u00a0 des \u0153uvres de l\u2019\u00e8re des califes, sur l\u2019histoire ancienne et moderne comme la philosophie, la philologie, l\u2019Astronomie, la G\u00e9ographie et m\u00eame des livres de M\u00e9decine ont \u00e9t\u00e9 parcourus avec ferveur par l\u2019Emir comme \u00e9tudiant enthousiaste. Sa Biblioth\u00e8que grandit et se d\u00e9veloppe de jour en jour \u00bb. L\u2019Emir Abdelkader a connu les Beys d\u00e9s son jeune \u00e2ge, il a connu la gouvernance du Bey d\u2019Oran d\u00e9s 19 ans et pris connaissance de ce qui \u00e9tait la condamnation \u00e0 mort et c\u2019est peut \u00eatre ce comportement des Beys \u00e0 l\u2019\u00e9gard de la population qui l\u2019a pouss\u00e9 \u00e0 consacrer son temps \u00e0 l\u2019\u00e9tude, en tant que penseur et mystique homme avant d\u2019\u00eatre forc\u00e9 de prendre les armes sans oublier sa grande biblioth\u00e8que qui fut plus tard brul\u00e9e par Bugeaud. L\u2019Emir disait \u00ab l\u2019homme ayant re\u00e7u de Dieu le don de la perfectibilit\u00e9, rien ne lui d\u00e9plait plus que de n\u00e9gliger son \u00e2me et de la d\u00e9pouiller de cette facult\u00e9 \u00bb. Les hommes d\u2019histoire et chercheurs trouvent que\u00a0 les questions li\u00e9es au combat lib\u00e9rateur, au traitement des prisonniers de guerre, aux relations entre Orient et\u00a0 Occident sont consid\u00e9r\u00e9es de nos jours comme de v\u00e9ritables trait\u00e9s d\u2019humanisme. Le probl\u00e8me de l\u2019h\u00e9ritage de l\u2019Emir r\u00e9side au niveau de son pays natal, qui ne lui accorde aucune consid\u00e9ration, en effet, l\u2019Emir Abdelkader, cet homme fondateur du premier Etat alg\u00e9rien moderne, n\u2019a m\u00eame pas droit \u00e0 une journ\u00e9e nationale comme les autres h\u00e9ros, on se contente et surtout au niveau de la Ville de Mascara qui l\u2019a vu naitre, \u00e0 une simple c\u00e9l\u00e9bration d\u2019une journ\u00e9e ou on se rend \u00e0 la Dardara lieu de l\u2019all\u00e9geance, parfois autour d\u2019un plat de couscous et quelques cartouches tir\u00e9es en air, par les cavaliers ou une rencontre dans une salle pour \u00e9couter l\u2019hymne National dans un style protocolaire et puis rien. La Fondation de l\u2019Emir qui a \u00e9t\u00e9 rong\u00e9e et gangr\u00e9n\u00e9e par les divergences familiales a \u00e9t\u00e9 tout simplement disloqu\u00e9e et l\u2019association sur les pas de l\u2019Emir cr\u00e9\u00e9e pour servir des int\u00e9r\u00eats personnels s\u2019est \u00e9galement \u00e9clips\u00e9e attendant sans doute d\u2019autres rendez-vous \u00e9lectoraux\u00a0 pour faire son apparition. L\u2019Etat alg\u00e9rien doit s\u2019acquitter de sa dette envers l\u2019homme de l\u2018Etat et lui consacrer sa journ\u00e9e nationale dans les ann\u00e9es \u00e0 venir.<\/div>\n<\/div>\n<p>Auteur: B.Boufaden<br \/>\n<a href=\"https:\/\/www.reflexiondz.net\/MASCARA-187eme-anniversaire-de-l-allegeance-a-l-emir-Abdelkader_a59055.html\">Cliquez ici pour lire l&rsquo;article depuis sa source.<\/a><\/p>\n","protected":false},"excerpt":{"rendered":"<p>L\u2019Emir Abdelkader, ce grand Soufi \u00e9tait plus connu par son sabre que par sa plume, les armes qu\u2019il avait manipul\u00e9es pour prot\u00e9ger sa patrie figurent en grande quantit\u00e9 dans les Mus\u00e9es, m\u00eame l\u2019ennemi de l\u2019\u00e9poque savait que Abdelkader manier parfaitement l\u2019arme que la plume. L\u2019Emir demeurent jusqu\u2019\u00e0 nos jours, l\u2019homme qui occupe le plus, les [&hellip;]<\/p>\n","protected":false},"author":1740,"featured_media":0,"comment_status":"closed","ping_status":"closed","sticky":false,"template":"","format":"standard","meta":{"fifu_image_url":"","fifu_image_alt":"","footnotes":""},"categories":[53,76],"tags":[],"class_list":["post-68716","post","type-post","status-publish","format-standard","hentry","category-algerie","category-regions"],"_links":{"self":[{"href":"https:\/\/linitiative.ca\/International\/wp-json\/wp\/v2\/posts\/68716","targetHints":{"allow":["GET"]}}],"collection":[{"href":"https:\/\/linitiative.ca\/International\/wp-json\/wp\/v2\/posts"}],"about":[{"href":"https:\/\/linitiative.ca\/International\/wp-json\/wp\/v2\/types\/post"}],"author":[{"embeddable":true,"href":"https:\/\/linitiative.ca\/International\/wp-json\/wp\/v2\/users\/1740"}],"replies":[{"embeddable":true,"href":"https:\/\/linitiative.ca\/International\/wp-json\/wp\/v2\/comments?post=68716"}],"version-history":[{"count":0,"href":"https:\/\/linitiative.ca\/International\/wp-json\/wp\/v2\/posts\/68716\/revisions"}],"wp:attachment":[{"href":"https:\/\/linitiative.ca\/International\/wp-json\/wp\/v2\/media?parent=68716"}],"wp:term":[{"taxonomy":"category","embeddable":true,"href":"https:\/\/linitiative.ca\/International\/wp-json\/wp\/v2\/categories?post=68716"},{"taxonomy":"post_tag","embeddable":true,"href":"https:\/\/linitiative.ca\/International\/wp-json\/wp\/v2\/tags?post=68716"}],"curies":[{"name":"wp","href":"https:\/\/api.w.org\/{rel}","templated":true}]}}