{"id":68717,"date":"2019-11-27T10:36:00","date_gmt":"2019-11-27T15:36:00","guid":{"rendered":"https:\/\/linitiative.ca\/International\/1ere-surete-urbaine-de-mostaganem-demantelement-dun-gang-specialise-dans-le-cambriolage-dappartements\/"},"modified":"2019-11-27T10:36:00","modified_gmt":"2019-11-27T15:36:00","slug":"1ere-surete-urbaine-de-mostaganem-demantelement-dun-gang-specialise-dans-le-cambriolage-dappartements","status":"publish","type":"post","link":"https:\/\/linitiative.ca\/International\/1ere-surete-urbaine-de-mostaganem-demantelement-dun-gang-specialise-dans-le-cambriolage-dappartements\/","title":{"rendered":"1ERE SURETE URBAINE DE MOSTAGANEM : D\u00e9mant\u00e8lement d\u2019un gang sp\u00e9cialis\u00e9 dans le cambriolage d\u2019appartements"},"content":{"rendered":"<p><br id=\"sep_para_1\" class=\"sep_para access\"\/><\/p>\n<div id=\"para_1\" class=\"para_34231354 resize\">\n<div class=\"texte access firstletter\">Les forces de la police judiciaire de la premi\u00e8re s\u00fbret\u00e9 urbaine de la wilaya\u00a0 de Mostaganem viennent de mettre hors d\u2019\u00e9tat de nuire un gang sp\u00e9cialis\u00e9 dans le cambriolage d\u2019appartements. Les membres qui le composent sont au nombre de\u00a0 (6) six,\u00a0 dont l\u2019\u00e2ge varie de 15 \u00e0 35 ans , tous r\u00e9sidants dans la wilaya\u00a0 de Mostaganem et dont certains ont des ant\u00e9c\u00e9dents avec la Justice. Les malfaiteurs ont commis plusieurs actions de vol\u00a0 apr\u00e8s avoir investi sept (7) appartements.\u00a0 Et ont fini par \u00eatre arr\u00eat\u00e9s apr\u00e8s\u00a0 que l\u2019un des suspects de la bande ait \u00e9t\u00e9 surveill\u00e9 alors qu\u2019il r\u00e9cup\u00e9rait des souliers de sports vol\u00e9s et\u00a0 revendus \u00e0 une tierce personne ; cette derni\u00e8re a, en effet consid\u00e9r\u00e9 que les souliers en question, lui ont \u00e9t\u00e9 vendues \u00e0 un prix\u00a0 trop cher. Cette transaction\u00a0\u00a0 a constitu\u00e9 un piste s\u00e9rieuse qui a donn\u00e9 lieu \u00e0 une enqu\u00eate approfondie par les services de la s\u00fbret\u00e9, laquelle avait abouti sur l\u2019arrestation du reste des membres du gang. Pour constitution d\u2019une association de malfaiteurs ; vols qualifi\u00e9s nocturnes, par effraction, les suspects ont \u00e9t\u00e9 pr\u00e9sent\u00e9s par-devant M. le procureur de la R\u00e9publique, pr\u00e8s le tribunal de Mostaganem. Les suspects ont \u00e9t\u00e9 incarc\u00e9r\u00e9s alors que les mineurs ont \u00e9t\u00e9 plac\u00e9s dans le centre de r\u00e9\u00e9ducation pour mineurs, de Mostaganem.\u00a0\u00a0<\/div>\n<\/div>\n<p>Auteur: Y.Zahachi<br \/>\n<a href=\"https:\/\/www.reflexiondz.net\/1ERE-SURETE-URBAINE-DE-MOSTAGANEM-Demantelement-d-un-gang-specialise-dans-le-cambriolage-d-appartements_a59064.html\">Cliquez ici pour lire l&rsquo;article depuis sa source.<\/a><\/p>\n","protected":false},"excerpt":{"rendered":"<p>Les forces de la police judiciaire de la premi\u00e8re s\u00fbret\u00e9 urbaine de la wilaya\u00a0 de Mostaganem viennent de mettre hors d\u2019\u00e9tat de nuire un gang sp\u00e9cialis\u00e9 dans le cambriolage d\u2019appartements. Les membres qui le composent sont au nombre de\u00a0 (6) six,\u00a0 dont l\u2019\u00e2ge varie de 15 \u00e0 35 ans , tous r\u00e9sidants dans la wilaya\u00a0 [&hellip;]<\/p>\n","protected":false},"author":1740,"featured_media":0,"comment_status":"closed","ping_status":"closed","sticky":false,"template":"","format":"standard","meta":{"fifu_image_url":"","fifu_image_alt":"","footnotes":""},"categories":[53,76],"tags":[],"class_list":["post-68717","post","type-post","status-publish","format-standard","hentry","category-algerie","category-regions"],"_links":{"self":[{"href":"https:\/\/linitiative.ca\/International\/wp-json\/wp\/v2\/posts\/68717","targetHints":{"allow":["GET"]}}],"collection":[{"href":"https:\/\/linitiative.ca\/International\/wp-json\/wp\/v2\/posts"}],"about":[{"href":"https:\/\/linitiative.ca\/International\/wp-json\/wp\/v2\/types\/post"}],"author":[{"embeddable":true,"href":"https:\/\/linitiative.ca\/International\/wp-json\/wp\/v2\/users\/1740"}],"replies":[{"embeddable":true,"href":"https:\/\/linitiative.ca\/International\/wp-json\/wp\/v2\/comments?post=68717"}],"version-history":[{"count":0,"href":"https:\/\/linitiative.ca\/International\/wp-json\/wp\/v2\/posts\/68717\/revisions"}],"wp:attachment":[{"href":"https:\/\/linitiative.ca\/International\/wp-json\/wp\/v2\/media?parent=68717"}],"wp:term":[{"taxonomy":"category","embeddable":true,"href":"https:\/\/linitiative.ca\/International\/wp-json\/wp\/v2\/categories?post=68717"},{"taxonomy":"post_tag","embeddable":true,"href":"https:\/\/linitiative.ca\/International\/wp-json\/wp\/v2\/tags?post=68717"}],"curies":[{"name":"wp","href":"https:\/\/api.w.org\/{rel}","templated":true}]}}