{"id":68718,"date":"2019-11-27T10:36:00","date_gmt":"2019-11-27T15:36:00","guid":{"rendered":"https:\/\/linitiative.ca\/International\/gaid-salah-affirme-lalgerie-ne-cedera-a-aucun-chantage\/"},"modified":"2019-11-27T10:36:00","modified_gmt":"2019-11-27T15:36:00","slug":"gaid-salah-affirme-lalgerie-ne-cedera-a-aucun-chantage","status":"publish","type":"post","link":"https:\/\/linitiative.ca\/International\/gaid-salah-affirme-lalgerie-ne-cedera-a-aucun-chantage\/","title":{"rendered":"GA\u00cfD SALAH AFFIRME  : L\u2019Alg\u00e9rie ne c\u00e9dera  \u00e0 aucun chantage"},"content":{"rendered":"<p><br id=\"sep_para_1\" class=\"sep_para access\"\/><\/p>\n<div id=\"para_1\" class=\"para_34231400 resize\">\n<div class=\"photo shadow left\"><a href=\"javascript:void(0)\" rel=\"https:\/\/www.reflexiondz.net\/photo\/art\/grande\/40116129-34231400.jpg?v=1574877514&#038;ibox\" title=\"GA\u00cfD SALAH AFFIRME : L\u2019Alg\u00e9rie ne c\u00e9dera \u00e0 aucun chantage\"><img decoding=\"async\" class=\"responsive c9\" src=\"https:\/\/www.reflexiondz.net\/photo\/art\/grande\/40116129-34231400.jpg?v=1574877514\" alt=\"GA\u00cfD SALAH AFFIRME : L\u2019Alg\u00e9rie ne c\u00e9dera \u00e0 aucun chantage\" title=\"GA\u00cfD SALAH AFFIRME : L\u2019Alg\u00e9rie ne c\u00e9dera \u00e0 aucun chantage\"\/><img decoding=\"async\" class=\"not-responsive\" src=\"https:\/\/www.reflexiondz.net\/photo\/art\/default\/40116129-34231400.jpg?v=1574877517\" alt=\"GA\u00cfD SALAH AFFIRME : L\u2019Alg\u00e9rie ne c\u00e9dera \u00e0 aucun chantage\" title=\"GA\u00cfD SALAH AFFIRME : L\u2019Alg\u00e9rie ne c\u00e9dera \u00e0 aucun chantage\"\/><\/a><\/div>\n<div class=\"texte access firstletter\">Dans un discours prononc\u00e9 \u00e0 l\u2019occasion de cette visite, le chef d\u2019\u00e9tat major de l\u2019ANP a \u00e9voqu\u00e9 les tentatives d\u2019ing\u00e9rence de l\u2019Union Europ\u00e9enne dans les affaires internes de l\u2019Alg\u00e9rie. \u00ab L\u2019Alg\u00e9rie est libre et ind\u00e9pendante souveraine dans sa d\u00e9cision et ne tol\u00e8re aucune ing\u00e9rence \u00bb a-t-il, ainsi, soutenu. Et d\u2019ajouter: \u00ab l\u2019Alg\u00e9rie ne c\u00e9dera \u00e0 aucun chantage quelle que soit son origine \u00bb. Le peuple alg\u00e9rien, qui a su par le pass\u00e9 vaincre des \u00e9preuves saura faire face \u00e0 toutes les man\u0153uvres visant \u00e0 interrompre la marche de l\u2019Alg\u00e9rie dans le sens de la paix et du d\u00e9veloppement.\u00a0 Selon lui, ce sont des tentatives d\u00e9sesp\u00e9r\u00e9es qui ont essentiellement pour but de porter atteinte \u00e0 la stabilit\u00e9 et \u00e0 la s\u00e9curit\u00e9 de l\u2019Alg\u00e9rie et de son peuple. Le vice ministre de la d\u00e9fense a, par ailleurs, d\u00e9nonc\u00e9 \u00ab la horde de la bande, qui apr\u00e8s avoir failli dans ses plans, est en train de faire appel \u00e0 des parties \u00e9trang\u00e8res \u00bb affirmant que \u00ab le peuple est capable de faire \u00e9chouer la bande et ses acolytes \u00bb. Par ailleurs, le g\u00e9n\u00e9ral de corps d\u2019Arm\u00e9e Ahmed Ga\u00efd Salah, vice-ministre de la D\u00e9fense nationale, chef d\u2019\u00e9tat-major de l\u2019Arm\u00e9e nationale populaire, effectue, aujourd\u2019hui, jeudi 28 novembre 2019, une visite de travail et d\u2019inspection au Commandement de la Garde R\u00e9publicaine. \u00abMonsieur le G\u00e9n\u00e9ral de Corps d\u2019Arm\u00e9e pr\u00e9sidera, lors de cette visite, une r\u00e9union d\u2019orientation avec les cadres et personnels de la Garde R\u00e9publicaine. \u00bb lit-on dans un communiqu\u00e9 du Minist\u00e8re de la D\u00e9fense nationale. Cette visite intervient, a-t-on signal\u00e9, au lendemain de la visite survenue mercredi au commandement des forces a\u00e9riennes. \u00ab Monsieur le G\u00e9n\u00e9ral de Corps d\u2019Arm\u00e9e pr\u00e9sidera, lors de cette visite, une r\u00e9union d\u2019orientation avec les cadres et personnels de la Garde R\u00e9publicaine. \u00bb lit-on dans le m\u00eame communiqu\u00e9.<\/div>\n<\/div>\n<p>Auteur: Ismain<br \/>\n<a href=\"https:\/\/www.reflexiondz.net\/GAID-SALAH-AFFIRME-L-Algerie-ne-cedera-a-aucun-chantage_a59069.html\">Cliquez ici pour lire l&rsquo;article depuis sa source.<\/a><\/p>\n","protected":false},"excerpt":{"rendered":"<p>Dans un discours prononc\u00e9 \u00e0 l\u2019occasion de cette visite, le chef d\u2019\u00e9tat major de l\u2019ANP a \u00e9voqu\u00e9 les tentatives d\u2019ing\u00e9rence de l\u2019Union Europ\u00e9enne dans les affaires internes de l\u2019Alg\u00e9rie. \u00ab L\u2019Alg\u00e9rie est libre et ind\u00e9pendante souveraine dans sa d\u00e9cision et ne tol\u00e8re aucune ing\u00e9rence \u00bb a-t-il, ainsi, soutenu. Et d\u2019ajouter: \u00ab l\u2019Alg\u00e9rie ne c\u00e9dera \u00e0 [&hellip;]<\/p>\n","protected":false},"author":1740,"featured_media":0,"comment_status":"closed","ping_status":"closed","sticky":false,"template":"","format":"standard","meta":{"fifu_image_url":"","fifu_image_alt":"","footnotes":""},"categories":[53,76],"tags":[],"class_list":["post-68718","post","type-post","status-publish","format-standard","hentry","category-algerie","category-regions"],"_links":{"self":[{"href":"https:\/\/linitiative.ca\/International\/wp-json\/wp\/v2\/posts\/68718","targetHints":{"allow":["GET"]}}],"collection":[{"href":"https:\/\/linitiative.ca\/International\/wp-json\/wp\/v2\/posts"}],"about":[{"href":"https:\/\/linitiative.ca\/International\/wp-json\/wp\/v2\/types\/post"}],"author":[{"embeddable":true,"href":"https:\/\/linitiative.ca\/International\/wp-json\/wp\/v2\/users\/1740"}],"replies":[{"embeddable":true,"href":"https:\/\/linitiative.ca\/International\/wp-json\/wp\/v2\/comments?post=68718"}],"version-history":[{"count":0,"href":"https:\/\/linitiative.ca\/International\/wp-json\/wp\/v2\/posts\/68718\/revisions"}],"wp:attachment":[{"href":"https:\/\/linitiative.ca\/International\/wp-json\/wp\/v2\/media?parent=68718"}],"wp:term":[{"taxonomy":"category","embeddable":true,"href":"https:\/\/linitiative.ca\/International\/wp-json\/wp\/v2\/categories?post=68718"},{"taxonomy":"post_tag","embeddable":true,"href":"https:\/\/linitiative.ca\/International\/wp-json\/wp\/v2\/tags?post=68718"}],"curies":[{"name":"wp","href":"https:\/\/api.w.org\/{rel}","templated":true}]}}