{"id":68719,"date":"2019-11-27T10:36:00","date_gmt":"2019-11-27T15:36:00","guid":{"rendered":"https:\/\/linitiative.ca\/International\/rehabilitation-des-arenes-doran-20-milliards-de-centimes-pour-rien\/"},"modified":"2019-11-27T10:36:00","modified_gmt":"2019-11-27T15:36:00","slug":"rehabilitation-des-arenes-doran-20-milliards-de-centimes-pour-rien","status":"publish","type":"post","link":"https:\/\/linitiative.ca\/International\/rehabilitation-des-arenes-doran-20-milliards-de-centimes-pour-rien\/","title":{"rendered":"REHABILITATION DES ARENES D\u2019ORAN : 20 milliards de  centimes pour \u2018\u2019rien\u2019\u2019"},"content":{"rendered":"<p><br id=\"sep_para_1\" class=\"sep_para access\"\/><\/p>\n<div id=\"para_1\" class=\"para_34231288 resize\">\n<div class=\"texte access firstletter\">Si les ar\u00e8nes ont n\u00e9cessit\u00e9 plusieurs enveloppes financi\u00e8res d\u2019un montant global de 200 millions de dinars, il aura fallu des averses qui se sont abattues sur la r\u00e9gion d\u2019Oran ces derni\u00e8res semaines pour que des anomalies ou plut\u00f4t le colmatage refasse naturellement surface, pour confirmer le manque de rigueur dans les travaux et de fait, le suivi et le contr\u00f4le de ces travaux. Des fissures sont apparues justes apr\u00e8s les derni\u00e8res pluies au grand dam des oranais qui contemplent passivement, la mauvaise prise en charge des joyaux architecturaux, dont les ar\u00e8nes d\u2019Oran en font partie. Parall\u00e8lement et en pr\u00e9vision des jeux m\u00e9diterran\u00e9ens de 2021, et sur un air de d\u00e9j\u00e0 vu, une nouvelle op\u00e9ration de r\u00e9habilitation du t\u00e9l\u00e9ph\u00e9rique d\u2019Oran, a fait l\u2019objet d\u2019une r\u00e9union pr\u00e9sid\u00e9e par le chef de l\u2019ex\u00e9cutif de wilaya et les directeurs centraux du minist\u00e8re des travaux publics. L\u2019op\u00e9ration consistant en la mise \u00e0 niveau technologique du t\u00e9l\u00e9ph\u00e9rique, devait porter sur des travaux d\u2019une compl\u00e8te r\u00e9habilitation avec installation de nouvelles cabines plus modernes. Les anciennes qui n\u2019ont fonctionn\u00e9 que quelques temps pour subir par la suite des actes de vandalisme et leur\u00a0 abandon avec plus de 29 milliards partis en fum\u00e9e. On efface tout et on recommence, telle semble \u00eatre le mode de gestion pratiqu\u00e9e. Les m\u00eames instructions fermes donn\u00e9es par les anciens ex\u00e9cutifs, sont actuellement reprises pour que les travaux reprennent et que les d\u00e9lais soient respect\u00e9s. Dans ce cadre, le wali d\u2019Oran a instruit, l\u2019entreprise en charge de la supervision du projet \u00e0 faire preuve de \u00ab s\u00e9rieux et de rigueur \u00bb dans les travaux, en particulier apr\u00e8s avoir lev\u00e9 tous les obstacles techniques et renforc\u00e9 le chantier avec de nouveaux ouvriers et \u00e9galement apr\u00e8s avoir vers\u00e9 toutes les redevances financi\u00e8res. Selon ce qui a \u00e9t\u00e9 annonc\u00e9, le projet devrait \u00eatre livr\u00e9 vers la fin du mois de mai 2020.<\/div>\n<\/div>\n<p>Auteur: Medjadji H.<br \/>\n<a href=\"https:\/\/www.reflexiondz.net\/REHABILITATION-DES-ARENES-D-ORAN-20-milliards-de-centimes-pour-rien_a59059.html\">Cliquez ici pour lire l&rsquo;article depuis sa source.<\/a><\/p>\n","protected":false},"excerpt":{"rendered":"<p>Si les ar\u00e8nes ont n\u00e9cessit\u00e9 plusieurs enveloppes financi\u00e8res d\u2019un montant global de 200 millions de dinars, il aura fallu des averses qui se sont abattues sur la r\u00e9gion d\u2019Oran ces derni\u00e8res semaines pour que des anomalies ou plut\u00f4t le colmatage refasse naturellement surface, pour confirmer le manque de rigueur dans les travaux et de fait, [&hellip;]<\/p>\n","protected":false},"author":1740,"featured_media":0,"comment_status":"closed","ping_status":"closed","sticky":false,"template":"","format":"standard","meta":{"fifu_image_url":"","fifu_image_alt":"","footnotes":""},"categories":[53,76],"tags":[],"class_list":["post-68719","post","type-post","status-publish","format-standard","hentry","category-algerie","category-regions"],"_links":{"self":[{"href":"https:\/\/linitiative.ca\/International\/wp-json\/wp\/v2\/posts\/68719","targetHints":{"allow":["GET"]}}],"collection":[{"href":"https:\/\/linitiative.ca\/International\/wp-json\/wp\/v2\/posts"}],"about":[{"href":"https:\/\/linitiative.ca\/International\/wp-json\/wp\/v2\/types\/post"}],"author":[{"embeddable":true,"href":"https:\/\/linitiative.ca\/International\/wp-json\/wp\/v2\/users\/1740"}],"replies":[{"embeddable":true,"href":"https:\/\/linitiative.ca\/International\/wp-json\/wp\/v2\/comments?post=68719"}],"version-history":[{"count":0,"href":"https:\/\/linitiative.ca\/International\/wp-json\/wp\/v2\/posts\/68719\/revisions"}],"wp:attachment":[{"href":"https:\/\/linitiative.ca\/International\/wp-json\/wp\/v2\/media?parent=68719"}],"wp:term":[{"taxonomy":"category","embeddable":true,"href":"https:\/\/linitiative.ca\/International\/wp-json\/wp\/v2\/categories?post=68719"},{"taxonomy":"post_tag","embeddable":true,"href":"https:\/\/linitiative.ca\/International\/wp-json\/wp\/v2\/tags?post=68719"}],"curies":[{"name":"wp","href":"https:\/\/api.w.org\/{rel}","templated":true}]}}