{"id":68722,"date":"2019-11-27T06:39:00","date_gmt":"2019-11-27T11:39:00","guid":{"rendered":"https:\/\/linitiative.ca\/International\/qui-est-lassaad-boutara-nouveau-chef-de-cabinet-du-ministre-des-affaires-etrangeres\/"},"modified":"2019-11-27T06:39:00","modified_gmt":"2019-11-27T11:39:00","slug":"qui-est-lassaad-boutara-nouveau-chef-de-cabinet-du-ministre-des-affaires-etrangeres","status":"publish","type":"post","link":"https:\/\/linitiative.ca\/International\/qui-est-lassaad-boutara-nouveau-chef-de-cabinet-du-ministre-des-affaires-etrangeres\/","title":{"rendered":"Qui est Lassaad Boutara, nouveau chef de cabinet du ministre des Affaires \u00e9trang\u00e8res"},"content":{"rendered":"<p>A 46 ans, ce diplomate de carri\u00e8re qui aligne 22 ans d\u2019exp\u00e9rience au sein du D\u00e9partement avec deux affectations r\u00e9ussies \u00e0 Malte, puis \u00e0 Paris, illustre cette g\u00e9n\u00e9ration de rel\u00e8ve. <a href=\"https:\/\/www.leaders.com.tn\/article\/28513-boutara-lassaad\" target=\"_blank\" rel=\"noopener noreferrer\">Lassaad Boutara<\/a>, qui monte au charbon au 5e \u00e9tage \u00e0 la t\u00eate du cabinet du ministre des Affaires \u00e9trang\u00e8res, ne manque pas d\u2019atouts. Enarque, titulaire d\u2019un mast\u00e8re en diplomatie et d\u2019un doctorat en langue anglaise, sp\u00e9cialit\u00e9 civilisation europ\u00e9enne, il s\u2019est exerc\u00e9 aux diff\u00e9rentes facettes de la diplomatie. Jusque-l\u00e0, il \u00e9tait directeur des relations avec les pays de l\u2019Europe du Nord, Centrale, la Russie et le Caucase.<\/p>\n<p>Les cinq ann\u00e9es qu\u2019il a pass\u00e9es \u00e0 l\u2019ambassade de Tunisie \u00e0 Paris, d\u00e8s le lendemain du 14 janvier 2011 -de 2011 \u00e0 2017- auront \u00e9t\u00e9 significatives dans l\u2019enrichissement de son exp\u00e9rience. Charg\u00e9 des affaires culturelles, puis \u00e9conomiques et multilat\u00e9rales, il \u00e9tait aux premi\u00e8res loges, surtout avec la succession des visites de chefs d\u2019Etat et de gouvernement des deux pays. Plus d\u2019une fois, au gr\u00e9 des d\u00e9parts et arriv\u00e9es des anciens et nouveaux ambassadeurs, c\u2019est LassaadBoutara qui \u00e9tait charg\u00e9 d\u2019affaires par int\u00e9rim de l\u2019ambassade.<\/p>\n<p>Appr\u00e9ci\u00e9 par sa hi\u00e9rarchie comme par ses coll\u00e8gues, il aura d\u00e9sormais dans ses nouvelles fonctions \u00e0 jouer un r\u00f4le clef de coordination et de suivi.<br \/>\u00a0<\/p>\n<p>Auteur:<br \/>\n<a href=\"https:\/\/www.leaders.com.tn\/article\/28511-qui-est-lassaad-boutara-le-nouveau-chef-de-cabinet-du-ministre-des-affaires-etrangeres\">Cliquez ici pour lire l&rsquo;article depuis sa source.<\/a><\/p>\n","protected":false},"excerpt":{"rendered":"<p>A 46 ans, ce diplomate de carri\u00e8re qui aligne 22 ans d\u2019exp\u00e9rience au sein du D\u00e9partement avec deux affectations r\u00e9ussies \u00e0 Malte, puis \u00e0 Paris, illustre cette g\u00e9n\u00e9ration de rel\u00e8ve. Lassaad Boutara, qui monte au charbon au 5e \u00e9tage \u00e0 la t\u00eate du cabinet du ministre des Affaires \u00e9trang\u00e8res, ne manque pas d\u2019atouts. Enarque, titulaire [&hellip;]<\/p>\n","protected":false},"author":1772,"featured_media":0,"comment_status":"closed","ping_status":"closed","sticky":false,"template":"","format":"standard","meta":{"fifu_image_url":"","fifu_image_alt":"","footnotes":""},"categories":[73,55],"tags":[],"class_list":["post-68722","post","type-post","status-publish","format-standard","hentry","category-actualite","category-tunisie"],"_links":{"self":[{"href":"https:\/\/linitiative.ca\/International\/wp-json\/wp\/v2\/posts\/68722","targetHints":{"allow":["GET"]}}],"collection":[{"href":"https:\/\/linitiative.ca\/International\/wp-json\/wp\/v2\/posts"}],"about":[{"href":"https:\/\/linitiative.ca\/International\/wp-json\/wp\/v2\/types\/post"}],"author":[{"embeddable":true,"href":"https:\/\/linitiative.ca\/International\/wp-json\/wp\/v2\/users\/1772"}],"replies":[{"embeddable":true,"href":"https:\/\/linitiative.ca\/International\/wp-json\/wp\/v2\/comments?post=68722"}],"version-history":[{"count":0,"href":"https:\/\/linitiative.ca\/International\/wp-json\/wp\/v2\/posts\/68722\/revisions"}],"wp:attachment":[{"href":"https:\/\/linitiative.ca\/International\/wp-json\/wp\/v2\/media?parent=68722"}],"wp:term":[{"taxonomy":"category","embeddable":true,"href":"https:\/\/linitiative.ca\/International\/wp-json\/wp\/v2\/categories?post=68722"},{"taxonomy":"post_tag","embeddable":true,"href":"https:\/\/linitiative.ca\/International\/wp-json\/wp\/v2\/tags?post=68722"}],"curies":[{"name":"wp","href":"https:\/\/api.w.org\/{rel}","templated":true}]}}