{"id":68723,"date":"2019-11-27T06:51:00","date_gmt":"2019-11-27T11:51:00","guid":{"rendered":"https:\/\/linitiative.ca\/International\/lassaad-boutara\/"},"modified":"2019-11-27T06:51:00","modified_gmt":"2019-11-27T11:51:00","slug":"lassaad-boutara","status":"publish","type":"post","link":"https:\/\/linitiative.ca\/International\/lassaad-boutara\/","title":{"rendered":"Lassaad Boutara"},"content":{"rendered":"<p><span class=\"c2\"><strong>Nom et pr\u00e9nom:<\/strong><\/span> Boutara Lassaad<\/p>\n<p><span class=\"c2\"><strong>Date et lieu de naissance:<\/strong><\/span> 9\/10\/1973 \u00e0 Monastir, originaire de la ville de Touza.<\/p>\n<h2>Cursus Universitaire<\/h2>\n<p><span class=\"c2\"><strong>\u2022 Doctorat en Lettres anglaises<\/strong><\/span> (Sp\u00e9cialit\u00e9 Civilisation Am\u00e9ricaine)de la Facult\u00e9 des Lettres et des Sciences Humaines de la Manouba (juin 2011):<br \/>Th\u00e8se: <em>\u00ab American Foreign Policy and the Issue of National Security in the Post-Cold War Era : The Middle East as a Case Study \u00bb<\/em>.<\/p>\n<p><span class=\"c2\"><strong>\u2022<\/strong><\/span> <span class=\"c2\"><strong>Master en Diplomatie<\/strong><\/span> de l\u2019Acad\u00e9mie M\u00e9diterran\u00e9enne des Etudes Diplomatiques de Malte (Juin 2002):Th\u00e8me <em>\u00ab The Concept of Security and American Foreign Policy \u00bb<\/em>.<\/p>\n<p><span class=\"c2\"><strong><span class=\"c2\"><strong>\u2022<\/strong><\/span> Dipl\u00f4me d\u2019Etudes Approfondies (DEA)<\/strong><\/span> en Lettres Anglaises (Civilisation Am\u00e9ricaine)de la Facult\u00e9 des Lettres et des Sciences Humaines de la Manouba <strong>(juin 1997)<\/strong>: Th\u00e8me: <em>\u00ab American Foreign Economic Policy in Tunisia: From Financial Assistance to Partnership \u00bb<\/em>.<\/p>\n<p><span class=\"c2\"><strong><span class=\"c2\"><strong>\u2022<\/strong><\/span> Dipl\u00f4me de Fin d\u2019Etudes de l\u2019Ecole Nationale d\u2019Administration (ENA)<\/strong><\/span> <strong>(Juin 1998)<\/strong>.<\/p>\n<p><span class=\"c2\"><strong><span class=\"c2\"><strong>\u2022<\/strong><\/span> Ma\u00eetrise en Lettres Anglaises<\/strong><\/span> de la Facult\u00e9 des Sciences Humaines et Sociales 9 Avril <strong>(juin 1996)<\/strong>.<\/p>\n<p><span class=\"c2\"><strong><span class=\"c2\"><strong>\u2022<\/strong><\/span> Baccalaur\u00e9at Lettres<\/strong><\/span> <strong>(Juin 1992)<\/strong>.<\/p>\n<h2>Cursus Professionnel<\/h2>\n<p><span class=\"c2\"><strong><span class=\"c2\"><strong>\u2022<\/strong><\/span> 14 novembre 2019:<\/strong><\/span> Chef de Cabinet du Ministre des Affaires Etrang\u00e8res.<\/p>\n<p><span class=\"c2\"><strong><span class=\"c2\"><strong>\u2022<\/strong><\/span> Janvier 2019-novembre 2019:<\/strong><\/span> Directeur des Relations avec les Pays de l&rsquo;Europe du Nord, Centrale, la Russie et le Caucase au Minist\u00e8re des Affaires Etrang\u00e8res.<\/p>\n<p><span class=\"c2\"><strong><span class=\"c2\"><strong>\u2022<\/strong><\/span> Janvier 2017-Juillet 2017:<\/strong><\/span> Ministre Pl\u00e9nipotentiaire \u00e0 l&rsquo;Ambassade de Tunisie \u00e0 Paris en charge des questions \u00e9conomiques et multilat\u00e9rales.<\/p>\n<p><span class=\"c2\"><strong><span class=\"c2\"><strong>\u2022<\/strong><\/span> 30 mars 2015-janvier 2017:<\/strong><\/span> Ministre Pl\u00e9nipotentiaire \u00e0 l&rsquo;Ambassade de Tunisie \u00e0 Paris en charge des questions culturelles.<\/p>\n<p><span class=\"c2\"><strong><span class=\"c2\"><strong>\u2022<\/strong><\/span> 1<sup>er<\/sup> septembre 2012:<\/strong><\/span> Premier Conseiller \u00e0 l\u2019Ambassade de Tunisie \u00e0 Paris en charge des questions \u00e9conomiques et multilat\u00e9rales.<\/p>\n<p><span class=\"c2\"><strong><span class=\"c2\"><strong>\u2022<\/strong><\/span> 4 novembre 2011:<\/strong><\/span> Conseiller des Affaires Etrang\u00e8res, Directeur-Adjoint \u00e0 la Direction des Relations Euro-m\u00e9diterran\u00e9ennes \u00e0 la Direction G\u00e9n\u00e9rale Europe au Minist\u00e8re des Affaires Etrang\u00e8res.<\/p>\n<p><span class=\"c2\"><strong><span class=\"c2\"><strong>\u2022<\/strong><\/span> 3 octobre 2009-3 novembre 2011:<\/strong><\/span> Conseiller des Affaires Etrang\u00e8res, Chef de Division \u00e0 la Direction des Relations Euro-m\u00e9diterran\u00e9ennes\u00e0 la Direction G\u00e9n\u00e9rale Europe au Minist\u00e8re des Affaires Etrang\u00e8res.<\/p>\n<p><span class=\"c2\"><strong><span class=\"c2\"><strong>\u2022<\/strong><\/span> 12 septembre 2008-2 octobre 2009:<\/strong><\/span> Conseiller des Affaires Etrang\u00e8res, Chef de Division \u00e0 la Direction des Affaires Juridiques au Minist\u00e8re des Affaires Etrang\u00e8res.<\/p>\n<p><span class=\"c2\"><strong><span class=\"c2\"><strong>\u2022<\/strong><\/span> 1<sup>er<\/sup> ao\u00fbt 2003-31 juillet 2008:<\/strong><\/span> Conseiller \u00e0 l\u2019Ambassade de Tunisie \u00e0 Malte.<\/p>\n<p><span class=\"c2\"><strong><span class=\"c2\"><strong>\u2022<\/strong><\/span> 2 mai 2002 :<\/strong><\/span> Promotion au grade de Conseiller des Affaires Etrang\u00e8res (Major de Promotion).<\/p>\n<p><span class=\"c2\"><strong><span class=\"c2\"><strong>\u2022<\/strong><\/span> 05 mai 1997:<\/strong><\/span> Secr\u00e9taire des Affaires Etrang\u00e8res au Minist\u00e8re des Affaires Etrang\u00e8res.<\/p>\n<h2>Services Rendus<\/h2>\n<p><span class=\"c2\"><strong>\u2022<\/strong><\/span> La gestion des Ambassades de Tunisie \u00e0 Malte(presque deux ans) et \u00e0 Paris en tant que Charg\u00e9 d\u2019Affaires a.i lors de l\u2019absence de l\u2019Ambassadeur.<\/p>\n<p><span class=\"c2\"><strong>\u2022<\/strong><\/span> La pr\u00e9paration et la concr\u00e9tisation de visites pr\u00e9sidentielles et minist\u00e9rielles.<\/p>\n<p><span class=\"c2\"><strong>\u2022<\/strong><\/span> La coordination de la participation des Hauts Responsables tunisiens aux Sommetset Conf\u00e9rence minist\u00e9riels tenus \u00e0 Paris.<\/p>\n<p><span class=\"c2\"><strong>\u2022<\/strong><\/span> Le montageet l&rsquo;organisation de manifestations \u00e9conomiques et touristiques promotionnelles de la Tunisie en France\/<\/p>\n<p><span class=\"c2\"><strong>\u2022<\/strong><\/span> L\u2019organisation de plusieurs conf\u00e9rences et s\u00e9minaires sur les opportunit\u00e9s d\u2019investissement et de partenariat en Tunisie et les perspectives de coop\u00e9ration avec la communaut\u00e9 d\u2019affaires fran\u00e7aise dans des secteurs porteurs, tels que l\u2019a\u00e9ronautique, l\u2019automobile et les \u00e9nergies renouvelables.<\/p>\n<p><span class=\"c2\"><strong>\u2022<\/strong><\/span> D\u00e9l\u00e9gu\u00e9 de Tunisie aupr\u00e8s du Bureau International des Expositions (BIE) et de l\u2019Organisation pour la Coop\u00e9ration et le D\u00e9veloppement Economique (OCDE).<\/p>\n<p><span class=\"c2\"><strong>\u2022<\/strong><\/span> Participation \u00e0 un nombre important de conf\u00e9rences et s\u00e9minaires internationaux int\u00e9ressant la Tunisie tenus \u00e0 Malte, en France, en Belgique, en Italie, en Pologne, en Slov\u00e9nie, en Turquie et aux Emirats Arabes Unis.<\/p>\n<h2>Exp\u00e9rience Acad\u00e9mique<\/h2>\n<p><span class=\"c2\"><strong>\u2022<\/strong><\/span> Enseignant \u00e0 l\u2019Institut Diplomatique pour la Formation et les Etudes (IDFE) en mati\u00e8re d&rsquo;anglais et ses pratiques diplomatiques et l&rsquo;encadrement des diplomates stagiaires <span class=\"c2\"><strong>(Promotions 2009-2011 et 2010-2012)<\/strong><\/span>.<\/p>\n<p><span class=\"c2\"><strong>\u2022<\/strong><\/span> Enseignant vacataire \u00e0 l\u2019Institut Sup\u00e9rieur des Langues de Tunis (ISLT) (2008-2010)\u00a0 et\u00e0 l\u2019Institut Sup\u00e9rieur des Sciences Humaines de Tunis (Ibn Charaf) sp\u00e9cialis\u00e9 en Civilisation am\u00e9ricaine et en Etudes R\u00e9gionales dispens\u00e9es au profit des \u00e9tudiants du Master <span class=\"c2\"><strong>(2011-2012 et 2017-2018)<\/strong><\/span>.<\/p>\n<p><span class=\"c2\"><strong>\u2022<\/strong><\/span> Ancient joueur de tennis de table et Pr\u00e9sident de la Commission des Relations Ext\u00e9rieures \u00e0 la F\u00e9d\u00e9ration Tunisienne de Tennis de Table (2011-2012).<\/p>\n<p><span class=\"c2\"><strong>\u2022<\/strong><\/span> Excellent niveau en Fran\u00e7ais et en Anglais et parle l&rsquo;espagnol et le maltais.<\/p>\n<p>Auteur:<br \/>\n<a href=\"https:\/\/www.leaders.com.tn\/article\/28513-boutara-lassaad\">Cliquez ici pour lire l&rsquo;article depuis sa source.<\/a><\/p>\n","protected":false},"excerpt":{"rendered":"<p>Nom et pr\u00e9nom: Boutara Lassaad Date et lieu de naissance: 9\/10\/1973 \u00e0 Monastir, originaire de la ville de Touza. Cursus Universitaire \u2022 Doctorat en Lettres anglaises (Sp\u00e9cialit\u00e9 Civilisation Am\u00e9ricaine)de la Facult\u00e9 des Lettres et des Sciences Humaines de la Manouba (juin 2011):Th\u00e8se: \u00ab American Foreign Policy and the Issue of National Security in the Post-Cold [&hellip;]<\/p>\n","protected":false},"author":1772,"featured_media":0,"comment_status":"closed","ping_status":"closed","sticky":false,"template":"","format":"standard","meta":{"fifu_image_url":"","fifu_image_alt":"","footnotes":""},"categories":[73,55],"tags":[],"class_list":["post-68723","post","type-post","status-publish","format-standard","hentry","category-actualite","category-tunisie"],"_links":{"self":[{"href":"https:\/\/linitiative.ca\/International\/wp-json\/wp\/v2\/posts\/68723","targetHints":{"allow":["GET"]}}],"collection":[{"href":"https:\/\/linitiative.ca\/International\/wp-json\/wp\/v2\/posts"}],"about":[{"href":"https:\/\/linitiative.ca\/International\/wp-json\/wp\/v2\/types\/post"}],"author":[{"embeddable":true,"href":"https:\/\/linitiative.ca\/International\/wp-json\/wp\/v2\/users\/1772"}],"replies":[{"embeddable":true,"href":"https:\/\/linitiative.ca\/International\/wp-json\/wp\/v2\/comments?post=68723"}],"version-history":[{"count":0,"href":"https:\/\/linitiative.ca\/International\/wp-json\/wp\/v2\/posts\/68723\/revisions"}],"wp:attachment":[{"href":"https:\/\/linitiative.ca\/International\/wp-json\/wp\/v2\/media?parent=68723"}],"wp:term":[{"taxonomy":"category","embeddable":true,"href":"https:\/\/linitiative.ca\/International\/wp-json\/wp\/v2\/categories?post=68723"},{"taxonomy":"post_tag","embeddable":true,"href":"https:\/\/linitiative.ca\/International\/wp-json\/wp\/v2\/tags?post=68723"}],"curies":[{"name":"wp","href":"https:\/\/api.w.org\/{rel}","templated":true}]}}