{"id":68728,"date":"2019-11-27T05:00:00","date_gmt":"2019-11-27T10:00:00","guid":{"rendered":"https:\/\/linitiative.ca\/International\/decouverte-du-corps-sans-vie-dune-jeune-fille\/"},"modified":"2019-11-27T05:00:00","modified_gmt":"2019-11-27T10:00:00","slug":"decouverte-du-corps-sans-vie-dune-jeune-fille","status":"publish","type":"post","link":"https:\/\/linitiative.ca\/International\/decouverte-du-corps-sans-vie-dune-jeune-fille\/","title":{"rendered":"D\u00e9couverte du corps sans vie d\u2019une jeune fille"},"content":{"rendered":"<p>Les \u00e9l\u00e9ments de l&rsquo;unit\u00e9 secondaire de la Protection civile de A\u00efn Be\u00efda sont intervenus, lundi, pour transf\u00e9rer une jeune fille , d\u00e9couverte sans vie, \u00e0 la morgue de l&rsquo;EPH Zerdani-Salah de A\u00efn Be\u00efda.\u00a0<br \/>Selon le contenu du communiqu\u00e9, ce drame a eu lieu \u00e0 la cit\u00e9 \u00abEttadhamen\u00bb sur les hauteurs de la ville de A\u00efn Be\u00efda lorsque les \u00e9l\u00e9ments de la Protection civile se sont d\u00e9plac\u00e9s sur les lieux pour constater et transf\u00e9rer le corps de la jeune fille, r\u00e9pondant aux initiales de B. S., \u00e2g\u00e9e de 13 ans. Le communiqu\u00e9 pr\u00e9cise que la victime a \u00e9t\u00e9 trouv\u00e9e sans vie, pr\u00e9sentant une blessure \u00e0 la t\u00eate par un objet contondant.\u00a0<br \/>Le procureur de la R\u00e9publique, les \u00e9l\u00e9ments de la police et le m\u00e9decin urgentiste se sont rendus sur les lieux de ce drame.\u00a0<br \/>Une enqu\u00eate a \u00e9t\u00e9 diligent\u00e9e pour \u00e9lucider ce drame et d\u00e9terminer avec exactitude les causes exactes de ce triste \u00e9v\u00e9nement qui a mis en \u00e9moi les habitants de ce paisible quartier.\u00a0<br \/>Moussa Chtatha<\/p>\n<p>Auteur:<br \/>\n<a href=\"https:\/\/www.lesoirdalgerie.com\/regions\/decouverte-du-corps-sans-vie-dune-jeune-fille-34308\">Cliquez ici pour lire l&rsquo;article depuis sa source.<\/a><\/p>\n","protected":false},"excerpt":{"rendered":"<p>Les \u00e9l\u00e9ments de l&rsquo;unit\u00e9 secondaire de la Protection civile de A\u00efn Be\u00efda sont intervenus, lundi, pour transf\u00e9rer une jeune fille , d\u00e9couverte sans vie, \u00e0 la morgue de l&rsquo;EPH Zerdani-Salah de A\u00efn Be\u00efda.\u00a0Selon le contenu du communiqu\u00e9, ce drame a eu lieu \u00e0 la cit\u00e9 \u00abEttadhamen\u00bb sur les hauteurs de la ville de A\u00efn Be\u00efda [&hellip;]<\/p>\n","protected":false},"author":1741,"featured_media":0,"comment_status":"closed","ping_status":"closed","sticky":false,"template":"","format":"standard","meta":{"fifu_image_url":"","fifu_image_alt":"","footnotes":""},"categories":[73,53],"tags":[],"class_list":["post-68728","post","type-post","status-publish","format-standard","hentry","category-actualite","category-algerie"],"_links":{"self":[{"href":"https:\/\/linitiative.ca\/International\/wp-json\/wp\/v2\/posts\/68728","targetHints":{"allow":["GET"]}}],"collection":[{"href":"https:\/\/linitiative.ca\/International\/wp-json\/wp\/v2\/posts"}],"about":[{"href":"https:\/\/linitiative.ca\/International\/wp-json\/wp\/v2\/types\/post"}],"author":[{"embeddable":true,"href":"https:\/\/linitiative.ca\/International\/wp-json\/wp\/v2\/users\/1741"}],"replies":[{"embeddable":true,"href":"https:\/\/linitiative.ca\/International\/wp-json\/wp\/v2\/comments?post=68728"}],"version-history":[{"count":0,"href":"https:\/\/linitiative.ca\/International\/wp-json\/wp\/v2\/posts\/68728\/revisions"}],"wp:attachment":[{"href":"https:\/\/linitiative.ca\/International\/wp-json\/wp\/v2\/media?parent=68728"}],"wp:term":[{"taxonomy":"category","embeddable":true,"href":"https:\/\/linitiative.ca\/International\/wp-json\/wp\/v2\/categories?post=68728"},{"taxonomy":"post_tag","embeddable":true,"href":"https:\/\/linitiative.ca\/International\/wp-json\/wp\/v2\/tags?post=68728"}],"curies":[{"name":"wp","href":"https:\/\/api.w.org\/{rel}","templated":true}]}}