{"id":68729,"date":"2019-11-27T05:00:00","date_gmt":"2019-11-27T10:00:00","guid":{"rendered":"https:\/\/linitiative.ca\/International\/journee-detude-sur-la-medecine-du-travail-en-faveur-des-fonctionnaires\/"},"modified":"2019-11-27T05:00:00","modified_gmt":"2019-11-27T10:00:00","slug":"journee-detude-sur-la-medecine-du-travail-en-faveur-des-fonctionnaires","status":"publish","type":"post","link":"https:\/\/linitiative.ca\/International\/journee-detude-sur-la-medecine-du-travail-en-faveur-des-fonctionnaires\/","title":{"rendered":"Journ\u00e9e d\u2019\u00e9tude sur la m\u00e9decine du travail en faveur des fonctionnaires"},"content":{"rendered":"<p>La maison de la culture \u00abAhmed-Chami\u00bb de la wilaya de Na\u00e2ma a abrit\u00e9 hier mardi, une journ\u00e9e d\u2019\u00e9tude et d\u2019information sur la m\u00e9decine du travail et le d\u00e9pistage des maladies chroniques et professionnelles, organis\u00e9e par la DAL (Direction de l\u2019administration locale) de la wilaya de Na\u00e2ma, en faveur de ses fonctionnaires.\u00a0<br \/>Ont pris part \u00e0 cette rencontre, des responsables et des repr\u00e9sentants de la sant\u00e9 et\u00a0 des services hospitaliers, de la DAS et l\u2019ADS, de la Cnas (contr\u00f4le m\u00e9dical), des m\u00e9decins sp\u00e9cialistes dans la m\u00e9decine du travail,\u00a0 intervenant sur les diff\u00e9rentes maladies professionnelles, ainsi que les fonctionnaires directement concern\u00e9s par cette journ\u00e9e.\u00a0<br \/>Une rencontre donc d\u2019une grande importance qui a touch\u00e9 non seulement les fonctionnaires de la wilaya, mais \u00e9galement l\u2019ensemble des travailleurs d\u2019autres secteurs et leurs ayants droit, (malades ou autres) et pr\u00e9sent\u00e9e, en effet, sous diff\u00e9rentes formes d\u2019interventions ax\u00e9es sur le traitement, la pr\u00e9vention et les risques des complications des maladies, voire sur l\u2019importance de la pr\u00e9vention et le d\u00e9pistage des maladies chroniques et professionnelles, le stress, notamment, celles issues du milieu de travail.\u00a0<br \/>Beaucoup de questions ont \u00e9t\u00e9 alors abord\u00e9es et d\u00e9battues par les participants sur l\u2019importance de la m\u00e9decine du travail, et son impact sur l\u2019\u00e9quilibre psychophysiologique du travailleur ; voire des communications \u00e9galement sur les dispositions \u00e0 prendre pour am\u00e9liorer les conditions de travail \u00e0 l\u2019effet d\u2019\u00e9viter ou du moins r\u00e9duire les risques professionnels et les discriminations pour une meilleure sant\u00e9 du travailleur.\u00a0<br \/>B.Henine<\/p>\n<p>Auteur:<br \/>\n<a href=\"https:\/\/www.lesoirdalgerie.com\/regions\/journee-detude-sur-la-medecine-du-travail-en-faveur-des-fonctionnaires-34307\">Cliquez ici pour lire l&rsquo;article depuis sa source.<\/a><\/p>\n","protected":false},"excerpt":{"rendered":"<p>La maison de la culture \u00abAhmed-Chami\u00bb de la wilaya de Na\u00e2ma a abrit\u00e9 hier mardi, une journ\u00e9e d\u2019\u00e9tude et d\u2019information sur la m\u00e9decine du travail et le d\u00e9pistage des maladies chroniques et professionnelles, organis\u00e9e par la DAL (Direction de l\u2019administration locale) de la wilaya de Na\u00e2ma, en faveur de ses fonctionnaires.\u00a0Ont pris part \u00e0 cette [&hellip;]<\/p>\n","protected":false},"author":1741,"featured_media":0,"comment_status":"closed","ping_status":"closed","sticky":false,"template":"","format":"standard","meta":{"fifu_image_url":"","fifu_image_alt":"","footnotes":""},"categories":[73,53],"tags":[],"class_list":["post-68729","post","type-post","status-publish","format-standard","hentry","category-actualite","category-algerie"],"_links":{"self":[{"href":"https:\/\/linitiative.ca\/International\/wp-json\/wp\/v2\/posts\/68729","targetHints":{"allow":["GET"]}}],"collection":[{"href":"https:\/\/linitiative.ca\/International\/wp-json\/wp\/v2\/posts"}],"about":[{"href":"https:\/\/linitiative.ca\/International\/wp-json\/wp\/v2\/types\/post"}],"author":[{"embeddable":true,"href":"https:\/\/linitiative.ca\/International\/wp-json\/wp\/v2\/users\/1741"}],"replies":[{"embeddable":true,"href":"https:\/\/linitiative.ca\/International\/wp-json\/wp\/v2\/comments?post=68729"}],"version-history":[{"count":0,"href":"https:\/\/linitiative.ca\/International\/wp-json\/wp\/v2\/posts\/68729\/revisions"}],"wp:attachment":[{"href":"https:\/\/linitiative.ca\/International\/wp-json\/wp\/v2\/media?parent=68729"}],"wp:term":[{"taxonomy":"category","embeddable":true,"href":"https:\/\/linitiative.ca\/International\/wp-json\/wp\/v2\/categories?post=68729"},{"taxonomy":"post_tag","embeddable":true,"href":"https:\/\/linitiative.ca\/International\/wp-json\/wp\/v2\/tags?post=68729"}],"curies":[{"name":"wp","href":"https:\/\/api.w.org\/{rel}","templated":true}]}}