{"id":68730,"date":"2019-11-27T05:00:00","date_gmt":"2019-11-27T10:00:00","guid":{"rendered":"https:\/\/linitiative.ca\/International\/le-dechet-au-service-de-lart-a-annaba\/"},"modified":"2019-11-27T05:00:00","modified_gmt":"2019-11-27T10:00:00","slug":"le-dechet-au-service-de-lart-a-annaba","status":"publish","type":"post","link":"https:\/\/linitiative.ca\/International\/le-dechet-au-service-de-lart-a-annaba\/","title":{"rendered":"Le d\u00e9chet au service de l\u2019art \u00e0 Annaba"},"content":{"rendered":"<p>L\u2019h\u00f4tel Sheraton Annaba a accueilli la c\u00e9r\u00e9monie de cl\u00f4ture et de capitalisation des acquis du projet Rovald portant sur le renforcement du r\u00f4le des femmes dans la protection de l\u2019environnement \u00e0 travers la valorisation des d\u00e9chets.<br \/>Cette c\u00e9r\u00e9monie qui co\u00efncide avec la Journ\u00e9e mondiale de lutte contre les violences faites aux femmes, a \u00e9t\u00e9 rehauss\u00e9e par la pr\u00e9sence de la ministre de l\u2019Environnement et des Energies renouvelables, Fatima-Zohra Zerouati. Dans son intervention \u00e0 l\u2019ouverture des travaux de la journ\u00e9e de cl\u00f4ture, le wali de Annaba, Toufik Mezhoud, estime que ce projet, lanc\u00e9 depuis pr\u00e8s d\u2019une ann\u00e9e, \u00abvient renforcer le r\u00f4le de la femme dans le d\u00e9veloppement \u00e9conomique de la r\u00e9gion.\u00a0<br \/>Par leur courage et leur abn\u00e9gation, cette initiative permettra \u00e0 celles-ci de devenir chefs\u00a0 de leur propre entreprise, en d\u00e9pit de toutes les contraintes. La femme\u00a0 se mobilise elle aussi dans la lutte pour le respect de l\u2019environnement. Elle m\u00e9rite donc tout notre respect\u00bb.\u00a0<br \/>La ministre Fatima-Zohra Zerouati n\u2019a pas manqu\u00e9 de valoriser le r\u00f4le de la femme dans la lutte pour l\u2019environnement \u00e0 travers ce projet. \u00abLa femme alg\u00e9rienne a besoin seulement d\u2019\u00eatre consid\u00e9r\u00e9e pour se prendre en charge, subvenir aux besoins des siens et participer au d\u00e9veloppement\u00a0 du pays. Elle a annonc\u00e9 l\u2019octroi par le wali d\u2019Annaba de locaux aux entreprises cr\u00e9\u00e9es par les 80 femmes participantes au stage de formation, qui b\u00e9n\u00e9ficieront \u00e9galement de mat\u00e9riels pour leurs entreprises\u00bb.\u00a0<br \/>Par leur cr\u00e9ation, elles sont en mesure de s\u2019imposer sur le march\u00e9, a estim\u00e9 la ministre de l\u2019Environnement, indiquant que d\u2019autres projets seront lanc\u00e9s dans la m\u00eame optique de pr\u00e9servation de l\u2019environnement, avant de rendre hommage \u00e0 l\u2019\u00e9quipe volontaire qui a permis la r\u00e9ussite de ce projet \u00e9cologique \u00e0 caract\u00e8re \u00e9conomique.\u00a0<br \/>Une formation de perfectionnement en couture, design et marketing a \u00e9t\u00e9\u00a0 dispens\u00e9e aux stagiaires dans la confection et la fabrication de jolis objets et accessoires \u00e0 partir de la r\u00e9cup\u00e9ration de b\u00e2ches de communication en PVC. Ce cr\u00e9neau qui n\u2019a pas fait l\u2019objet, jusqu\u2019\u00e0\u00a0 pr\u00e9sent, de l\u2019int\u00e9r\u00eat qu\u2019il m\u00e9rite, est tr\u00e8s important. Il est porteur d\u2019espoir pour l\u2019emploi des jeunes.\u00a0<br \/>Le projet Rovald est le fruit d\u2019un partenariat entre le minist\u00e8re de l\u2019Environnement et des Energies renouvelables et l\u2019Agence de coop\u00e9ration allemande GIZ, destin\u00e9 exclusivement aux femmes, particuli\u00e8rement \u00e0 celles de Annaba. Tout comme il est singulier par son approche d\u2019une exp\u00e9rience pilote en Alg\u00e9rie et au niveau maghr\u00e9bin. Il a d\u2019ailleurs b\u00e9n\u00e9fici\u00e9, au mois de mars \u00e9coul\u00e9, d\u2019une visite de l\u2019ambassadrice de la R\u00e9publique f\u00e9d\u00e9rale d\u2019Allemagne, Mme Ulrike Maria Knotz et de l\u2018int\u00e9r\u00eat constant de la directrice r\u00e9sidente de l\u2019agence GIZ, Mme Ella Schieber et d\u2019un suivi rigoureux du directeur de l\u2019environnement de Annaba, Khaber Aomar.<br \/>A. Bouacha<\/p>\n<p>Auteur:<br \/>\n<a href=\"https:\/\/www.lesoirdalgerie.com\/regions\/le-dechet-au-service-de-lart-a-annaba-34306\">Cliquez ici pour lire l&rsquo;article depuis sa source.<\/a><\/p>\n","protected":false},"excerpt":{"rendered":"<p>L\u2019h\u00f4tel Sheraton Annaba a accueilli la c\u00e9r\u00e9monie de cl\u00f4ture et de capitalisation des acquis du projet Rovald portant sur le renforcement du r\u00f4le des femmes dans la protection de l\u2019environnement \u00e0 travers la valorisation des d\u00e9chets.Cette c\u00e9r\u00e9monie qui co\u00efncide avec la Journ\u00e9e mondiale de lutte contre les violences faites aux femmes, a \u00e9t\u00e9 rehauss\u00e9e par [&hellip;]<\/p>\n","protected":false},"author":1741,"featured_media":0,"comment_status":"closed","ping_status":"closed","sticky":false,"template":"","format":"standard","meta":{"fifu_image_url":"","fifu_image_alt":"","footnotes":""},"categories":[73,53],"tags":[],"class_list":["post-68730","post","type-post","status-publish","format-standard","hentry","category-actualite","category-algerie"],"_links":{"self":[{"href":"https:\/\/linitiative.ca\/International\/wp-json\/wp\/v2\/posts\/68730","targetHints":{"allow":["GET"]}}],"collection":[{"href":"https:\/\/linitiative.ca\/International\/wp-json\/wp\/v2\/posts"}],"about":[{"href":"https:\/\/linitiative.ca\/International\/wp-json\/wp\/v2\/types\/post"}],"author":[{"embeddable":true,"href":"https:\/\/linitiative.ca\/International\/wp-json\/wp\/v2\/users\/1741"}],"replies":[{"embeddable":true,"href":"https:\/\/linitiative.ca\/International\/wp-json\/wp\/v2\/comments?post=68730"}],"version-history":[{"count":0,"href":"https:\/\/linitiative.ca\/International\/wp-json\/wp\/v2\/posts\/68730\/revisions"}],"wp:attachment":[{"href":"https:\/\/linitiative.ca\/International\/wp-json\/wp\/v2\/media?parent=68730"}],"wp:term":[{"taxonomy":"category","embeddable":true,"href":"https:\/\/linitiative.ca\/International\/wp-json\/wp\/v2\/categories?post=68730"},{"taxonomy":"post_tag","embeddable":true,"href":"https:\/\/linitiative.ca\/International\/wp-json\/wp\/v2\/tags?post=68730"}],"curies":[{"name":"wp","href":"https:\/\/api.w.org\/{rel}","templated":true}]}}