{"id":68732,"date":"2019-11-27T05:00:00","date_gmt":"2019-11-27T10:00:00","guid":{"rendered":"https:\/\/linitiative.ca\/International\/le-zamalek-declare-forfait-face-a-les-tunis\/"},"modified":"2019-11-27T05:00:00","modified_gmt":"2019-11-27T10:00:00","slug":"le-zamalek-declare-forfait-face-a-les-tunis","status":"publish","type":"post","link":"https:\/\/linitiative.ca\/International\/le-zamalek-declare-forfait-face-a-les-tunis\/","title":{"rendered":"Le Zamalek d\u00e9clare forfait face \u00e0 l&rsquo;ES Tunis"},"content":{"rendered":"<p>Le pr\u00e9sident du club \u00e9gyptien du Zamalek Mortada Mansour a annonc\u00e9 officiellement mardi, que son club n&rsquo;irait pas jouer son match face \u00e0 l&rsquo;Esp\u00e9rance de Tunis, le 14 f\u00e9vrier 2020 \u00e0 Doha (Qatar), dans le cadre de la Supercoupe d&rsquo;Afrique des clubs, rapportent les m\u00e9dias locaux.\u00a0<br \/>\u00abApr\u00e8s le vote, la majorit\u00e9 des membres du bureau dirigeant a d\u00e9cid\u00e9 de ne pas se rendre au Qatar. D&rsquo;autant plus que nous n&rsquo;avons pas d&rsquo;ambassadeur l\u00e0-bas donc nous ne serons pas prot\u00e9g\u00e9s\u00bb, a d\u00e9clar\u00e9 lors d&rsquo;un point de presse le premier responsable de la formation cairote, d\u00e9tentrice de la Coupe de la Conf\u00e9d\u00e9ration (CAF). Les tensions politiques entre le Qatar et l\u2019Egypte sont en cause dans cette affaire, les relations diplomatiques entre les deux pays \u00e9tant rompues depuis 2017.\u00a0 Selon Mortada Mansour, faire jouer le match au Qatar est une \u00abprovocation\u00bb pour le club \u00e9gyptien : \u00abLa CAF continue de nous provoquer. Pourquoi jouer la Supercoupe entre deux clubs africains en dehors du continent ?\u00bb, s&rsquo;est-il interrog\u00e9, tout en se disant pr\u00eat \u00e0 jouer au stade Rad\u00e8s de Tunis, chez le vainqueur de la Ligue des champions. Pour le pr\u00e9sident du Zamalek, la d\u00e9cision est \u00abirr\u00e9vocable\u00bb, mena\u00e7ant de porter l&rsquo;affaire devant le Tribunal arbitral du sport (TAS) en cas de sanctions.\u00a0 La CAF devrait se tourner vers le finaliste de la Coupe de la Conf\u00e9d\u00e9ration, le club marocain de RS Berkane, qui affrontera alors l\u2019Esp\u00e9rance de Tunis. La pr\u00e9c\u00e9dente \u00e9dition s&rsquo;\u00e9tait \u00e9galement disput\u00e9e \u00e0 Doha entre le Raja Casablanca et l&rsquo;ES Tunis (2-1). L&rsquo;Esp\u00e9rance avait \u00e9t\u00e9 couronn\u00e9e du troph\u00e9e de la Ligue des champions pour la deuxi\u00e8me fois cons\u00e9cutive apr\u00e8s une finale controvers\u00e9e contre les Marocains du Wydad Casablanca, alors que le Zamalek avait remport\u00e9 la Coupe de la Conf\u00e9d\u00e9ration contre le club marocain de RS Berkane aux TAB (5-3) (1-0, 0-1) en mai dernier.<\/p>\n<p>Auteur:<br \/>\n<a href=\"https:\/\/www.lesoirdalgerie.com\/sports\/le-zamalek-declare-forfait-face-a-les-tunis-34304\">Cliquez ici pour lire l&rsquo;article depuis sa source.<\/a><\/p>\n","protected":false},"excerpt":{"rendered":"<p>Le pr\u00e9sident du club \u00e9gyptien du Zamalek Mortada Mansour a annonc\u00e9 officiellement mardi, que son club n&rsquo;irait pas jouer son match face \u00e0 l&rsquo;Esp\u00e9rance de Tunis, le 14 f\u00e9vrier 2020 \u00e0 Doha (Qatar), dans le cadre de la Supercoupe d&rsquo;Afrique des clubs, rapportent les m\u00e9dias locaux.\u00a0\u00abApr\u00e8s le vote, la majorit\u00e9 des membres du bureau dirigeant [&hellip;]<\/p>\n","protected":false},"author":1741,"featured_media":0,"comment_status":"closed","ping_status":"closed","sticky":false,"template":"","format":"standard","meta":{"fifu_image_url":"","fifu_image_alt":"","footnotes":""},"categories":[73,53],"tags":[],"class_list":["post-68732","post","type-post","status-publish","format-standard","hentry","category-actualite","category-algerie"],"_links":{"self":[{"href":"https:\/\/linitiative.ca\/International\/wp-json\/wp\/v2\/posts\/68732","targetHints":{"allow":["GET"]}}],"collection":[{"href":"https:\/\/linitiative.ca\/International\/wp-json\/wp\/v2\/posts"}],"about":[{"href":"https:\/\/linitiative.ca\/International\/wp-json\/wp\/v2\/types\/post"}],"author":[{"embeddable":true,"href":"https:\/\/linitiative.ca\/International\/wp-json\/wp\/v2\/users\/1741"}],"replies":[{"embeddable":true,"href":"https:\/\/linitiative.ca\/International\/wp-json\/wp\/v2\/comments?post=68732"}],"version-history":[{"count":0,"href":"https:\/\/linitiative.ca\/International\/wp-json\/wp\/v2\/posts\/68732\/revisions"}],"wp:attachment":[{"href":"https:\/\/linitiative.ca\/International\/wp-json\/wp\/v2\/media?parent=68732"}],"wp:term":[{"taxonomy":"category","embeddable":true,"href":"https:\/\/linitiative.ca\/International\/wp-json\/wp\/v2\/categories?post=68732"},{"taxonomy":"post_tag","embeddable":true,"href":"https:\/\/linitiative.ca\/International\/wp-json\/wp\/v2\/tags?post=68732"}],"curies":[{"name":"wp","href":"https:\/\/api.w.org\/{rel}","templated":true}]}}