{"id":68734,"date":"2019-11-27T17:22:11","date_gmt":"2019-11-27T22:22:11","guid":{"rendered":"https:\/\/linitiative.ca\/International\/cooperation-burkina-cuba-ana-maria-chongo-fait-ses-adieux-au-president-du-faso\/"},"modified":"2019-11-27T17:22:11","modified_gmt":"2019-11-27T22:22:11","slug":"cooperation-burkina-cuba-ana-maria-chongo-fait-ses-adieux-au-president-du-faso","status":"publish","type":"post","link":"https:\/\/linitiative.ca\/International\/cooperation-burkina-cuba-ana-maria-chongo-fait-ses-adieux-au-president-du-faso\/","title":{"rendered":"Coop\u00e9ration Burkina-Cuba  : Ana Maria Chongo fait ses adieux au Pr\u00e9sident du Faso"},"content":{"rendered":"<div class=\"td-post-featured-image\"><a href=\"https:\/\/i0.wp.com\/www.sidwaya.info\/wp-content\/uploads\/2019\/11\/1-66.jpg?fit=595%2C397&#038;ssl=1\" data-caption=\"\"><img loading=\"lazy\" decoding=\"async\" width=\"595\" height=\"397\" class=\"entry-thumb td-modal-image\" src=\"https:\/\/i0.wp.com\/www.sidwaya.info\/wp-content\/uploads\/2019\/11\/1-66.jpg?resize=595%2C397&#038;ssl=1\" srcset=\"https:\/\/i0.wp.com\/www.sidwaya.info\/wp-content\/uploads\/2019\/11\/1-66.jpg?w=595&#038;ssl=1 595w, https:\/\/i0.wp.com\/www.sidwaya.info\/wp-content\/uploads\/2019\/11\/1-66.jpg?resize=300%2C200&#038;ssl=1 300w\" sizes=\"auto, (max-width: 595px) 100vw, 595px\" alt=\"\" title=\"1\"\/><\/a><\/div>\n<p><strong>L\u2019ambassadrice extraordinaire et pl\u00e9nipotentiaire de la r\u00e9publique de Cuba au Burkina, Ana Maria Chongo a \u00e9t\u00e9 re\u00e7ue en audience, le mardi 26 novembre 2019 \u00e0 Ouagadougou, par le Pr\u00e9sident du Faso, Roch Marc Christian Kabor\u00e9.<\/strong><\/p>\n<p>Apr\u00e8s quatre ans et dix mois de mission au Burkina Faso, l\u2019ambassadrice extraordinaire et pl\u00e9nipotentiaire, Ana Maria Chongo, est en fin de s\u00e9jour. Pour ce faire, elle est all\u00e9e faire ses adieux au pr\u00e9sident du Faso, Roch Marc Christian Kabor\u00e9, le mardi 26 novembre 2019. \u00ab J\u2019ai transmis au Pr\u00e9sident, mon sinc\u00e8re d\u00e9sir de r\u00e9ussir dans les d\u00e9fis auxquels le peuple du pays des Hommes int\u00e8gres est confront\u00e9 pour aboutir au d\u00e9veloppement et \u00e0 la paix \u00bb, a indiqu\u00e9 la diplomate \u00e0 sa sortie d\u2019audience. Mme Chongo a dit sa satisfaction par rapport \u00e0 la coop\u00e9ration entre les deux pays qui, depuis 75 ans, ne fait que se consolider au fil des ann\u00e9es.<\/p>\n<p>Dans le domaine de la sant\u00e9, s\u2019est-elle r\u00e9jouie, le Burkina Faso b\u00e9n\u00e9ficie de l\u2019expertise cubaine. \u00ab Une brigade m\u00e9dicale partage avec les m\u00e9decins burkinab\u00e8 leurs connaissances pour renforcer les capacit\u00e9s des centres hospitaliers \u00bb, a-t-elle ajout\u00e9. Egalement, a-t-elle poursuivi, malgr\u00e9 les difficult\u00e9s \u00e9conomiques que conna\u00eet son pays, des bourses sont accord\u00e9s \u00e0 des \u00e9tudiants burkinab\u00e8. \u00ab 18 \u00e9tudiants suivent des cours de m\u00e9decine \u00e0 Cuba \u00bb, a-t-elle pr\u00e9cis\u00e9. La diplomate pense que l\u2019accord sign\u00e9 entre les deux pays sur la reconnaissance r\u00e9ciproque des \u00e9tudes, des titres et dipl\u00f4mes de l\u2019enseignement sup\u00e9rieur, augmentera les chances pour des milliers de jeunes form\u00e9s dans le syst\u00e8me \u00e9ducatif technique cubain.<\/p>\n<p>Elle a rappel\u00e9 que Cuba poss\u00e8de un potentiel dans la formation du capital humain dans les services de sant\u00e9, l\u2019industrie biopharmaceutique et l\u2019enseignement technique g\u00e9n\u00e9ral\u2026 \u00ab Le Burkina Faso poss\u00e8de une vaste exp\u00e9rience dans la production des mat\u00e9riaux divers, dans l\u2019industrie mini\u00e8re et autres pouvant g\u00e9n\u00e9rer des opportunit\u00e9s commerciales \u00bb, a-t-elle soulign\u00e9. Cette rencontre, selon elle, a \u00e9t\u00e9 donc l\u2019occasion de r\u00e9affirmer l\u2019engagement des deux Etats \u00e0 travailler ensemble pour le d\u00e9veloppement de leur peuple.<br \/>Sur le plan sportif, l\u2019ambassadrice a laiss\u00e9 entendre qu\u2019une \u00e9quipe de trois sp\u00e9cialistes est pr\u00e9sente au Burkina Faso depuis mars dernier et pr\u00eate une main forte aux structures sportives.<\/p>\n<p class=\"c1\"><strong>Adama SEDGO<\/strong><\/p>\n<div class=\"td-a-rec td-a-rec-id-content_bottom tdi_30_fdd td_block_template_1\"><img loading=\"lazy\" decoding=\"async\" class=\"aligncenter size-full wp-image-9623\" src=\"https:\/\/www.sidwaya.info\/wp-content\/uploads\/2019\/06\/Projet-bannie%CC%80re-Orange-mobile.jpg\" alt=\"\" width=\"728\" height=\"81\"\/><\/div>\n<p>Auteur: DD. Sidwaya<br \/>\n<a href=\"https:\/\/www.sidwaya.info\/blog\/2019\/11\/27\/cooperation-burkina-cuba-ana-maria-chongo-fait-ses-adieux-au-president-du-faso\/\">Cliquez ici pour lire l&rsquo;article depuis sa source.<\/a><\/p>\n","protected":false},"excerpt":{"rendered":"<p>L\u2019ambassadrice extraordinaire et pl\u00e9nipotentiaire de la r\u00e9publique de Cuba au Burkina, Ana Maria Chongo a \u00e9t\u00e9 re\u00e7ue en audience, le mardi 26 novembre 2019 \u00e0 Ouagadougou, par le Pr\u00e9sident du Faso, Roch Marc Christian Kabor\u00e9. Apr\u00e8s quatre ans et dix mois de mission au Burkina Faso, l\u2019ambassadrice extraordinaire et pl\u00e9nipotentiaire, Ana Maria Chongo, est en [&hellip;]<\/p>\n","protected":false},"author":1816,"featured_media":0,"comment_status":"closed","ping_status":"closed","sticky":false,"template":"","format":"standard","meta":{"fifu_image_url":"","fifu_image_alt":"","footnotes":""},"categories":[73,81],"tags":[],"class_list":["post-68734","post","type-post","status-publish","format-standard","hentry","category-actualite","category-burkina-faso"],"_links":{"self":[{"href":"https:\/\/linitiative.ca\/International\/wp-json\/wp\/v2\/posts\/68734","targetHints":{"allow":["GET"]}}],"collection":[{"href":"https:\/\/linitiative.ca\/International\/wp-json\/wp\/v2\/posts"}],"about":[{"href":"https:\/\/linitiative.ca\/International\/wp-json\/wp\/v2\/types\/post"}],"author":[{"embeddable":true,"href":"https:\/\/linitiative.ca\/International\/wp-json\/wp\/v2\/users\/1816"}],"replies":[{"embeddable":true,"href":"https:\/\/linitiative.ca\/International\/wp-json\/wp\/v2\/comments?post=68734"}],"version-history":[{"count":0,"href":"https:\/\/linitiative.ca\/International\/wp-json\/wp\/v2\/posts\/68734\/revisions"}],"wp:attachment":[{"href":"https:\/\/linitiative.ca\/International\/wp-json\/wp\/v2\/media?parent=68734"}],"wp:term":[{"taxonomy":"category","embeddable":true,"href":"https:\/\/linitiative.ca\/International\/wp-json\/wp\/v2\/categories?post=68734"},{"taxonomy":"post_tag","embeddable":true,"href":"https:\/\/linitiative.ca\/International\/wp-json\/wp\/v2\/tags?post=68734"}],"curies":[{"name":"wp","href":"https:\/\/api.w.org\/{rel}","templated":true}]}}