{"id":68735,"date":"2019-11-27T17:25:11","date_gmt":"2019-11-27T22:25:11","guid":{"rendered":"https:\/\/linitiative.ca\/International\/cooperation-militaire-en-2018-nous-avons-signe-un-accord-avec-la-france-remis-dandjinou\/"},"modified":"2019-11-27T17:25:11","modified_gmt":"2019-11-27T22:25:11","slug":"cooperation-militaire-en-2018-nous-avons-signe-un-accord-avec-la-france-remis-dandjinou","status":"publish","type":"post","link":"https:\/\/linitiative.ca\/International\/cooperation-militaire-en-2018-nous-avons-signe-un-accord-avec-la-france-remis-dandjinou\/","title":{"rendered":"Coop\u00e9ration militaire  : \u00ab En 2018, nous avons sign\u00e9 un accord avec la France \u00bb, R\u00e9mis Dandjinou"},"content":{"rendered":"<div class=\"td-post-featured-image\"><a href=\"https:\/\/i0.wp.com\/www.sidwaya.info\/wp-content\/uploads\/2019\/11\/1-67.jpg?fit=595%2C397&#038;ssl=1\" data-caption=\"\"><img loading=\"lazy\" decoding=\"async\" width=\"595\" height=\"397\" class=\"entry-thumb td-modal-image\" src=\"https:\/\/i0.wp.com\/www.sidwaya.info\/wp-content\/uploads\/2019\/11\/1-67.jpg?resize=595%2C397&#038;ssl=1\" srcset=\"https:\/\/i0.wp.com\/www.sidwaya.info\/wp-content\/uploads\/2019\/11\/1-67.jpg?w=595&#038;ssl=1 595w, https:\/\/i0.wp.com\/www.sidwaya.info\/wp-content\/uploads\/2019\/11\/1-67.jpg?resize=300%2C200&#038;ssl=1 300w\" sizes=\"auto, (max-width: 595px) 100vw, 595px\" alt=\"\" title=\"1\"\/><\/a><\/div>\n<p><strong>L\u2019hebdomadaire Conseil des ministres s\u2019est tenu le mercredi 27 novembre 2019 \u00e0 Ouagadougou, sous la conduite du pr\u00e9sident du Faso, Roch Marc Christian Kabor\u00e9. Les questions s\u00e9curitaire, environnementale et de la protection de la femme \u00e9taient au menu.<\/strong><\/p>\n<p>Le gouvernement est conscient de l\u2019\u00e9pineuse question du transfert des ressources aux collectivit\u00e9s territoriales. Le Conseil des ministres, tenu hier \u00e0 Kosyam, s\u2019est pench\u00e9 sur le sujet. A l\u2019issue de la rencontre, le ministre de la Communication et des Relations avec le Parlement, Porte-parole du gouvernement, R\u00e9mis Fulgance Dandjinou, a indiqu\u00e9 qu\u2019un d\u00e9cret instituant un cadre de dialogue gouvernement-pr\u00e9sident des collectivit\u00e9s territoriales a \u00e9t\u00e9 adopt\u00e9. De son avis, ce cadre devrait favoriser le processus de transfert des comp\u00e9tences et de ressources des collectivit\u00e9s locales. \u00ab Il sera aussi, pour les gouvernants, un m\u00e9canisme de suivi des r\u00e9alisations et de la redevabilit\u00e9 \u00bb, a-t-il pr\u00e9cis\u00e9. Le porte-parole du gouvernement a aussi fait cas de l\u2019adoption d\u2019un rapport relatif \u00e0 l\u2019adh\u00e9sion du Burkina Faso \u00e0 la Fondation Savane Ouest-africaine au titre du minist\u00e8re de l\u2019Environnement, de l\u2019Economie verte et du Changement climatique. Selon le ministre Dandjinou, cette adh\u00e9sion permettra au pays de disposer d\u2019un m\u00e9canisme de financement durable pour la gestion du parc de Arly et du parc W et de favoriser la synergie et la compl\u00e9mentarit\u00e9 des interventions dans le complexe W- Arly.<\/p>\n<p>\u00ab Il permettra \u00e9galement de mobiliser les opportunit\u00e9s de dotation de fonds pour entretenir les for\u00eats \u00bb, a relev\u00e9 M. Dandjinou. Le troisi\u00e8me d\u00e9cret adopt\u00e9 par le Conseil des ministres concerne le minist\u00e8re de l\u2019Economie, des Finances et du D\u00e9veloppement. Il est relatif \u00e0 la situation d\u2019ex\u00e9cution du budget et tr\u00e9sorerie de l\u2019Etat, exercice 2019. \u00ab Au niveau de la mobilisation des recettes \u00e0 la date du 30 septembre 2019, nous avions mobilis\u00e9 1315,32 milliards F CFA, soit 67,29% des recettes attendues, contre 61,60% des recettes attendues le 30 septembre 2018 \u00bb, s\u2019est-il r\u00e9joui. Sous les pr\u00e9visions de cr\u00e9dit de paiement, a relev\u00e9 le ministre, les chiffres sont de 2 304 milliards F CFA, soit un taux d\u2019ex\u00e9cution de 69,96% contre 61,21% en 2018. Pour am\u00e9liorer ces indicateurs, des recommandations ont \u00e9t\u00e9 faites par le Conseil \u00e0 la direction g\u00e9n\u00e9rale des Imp\u00f4ts, \u00e0 celle du Tr\u00e9sor et de la comptabilit\u00e9 publique et \u00e0 la direction g\u00e9n\u00e9rale des Douanes pour la mobilisation des recettes.<\/p>\n<p><strong>Int\u00e9grer le genre dans la gouvernance s\u00e9curitaire<\/strong><\/p>\n<p>Outre les d\u00e9crets, le gouvernement a entendu des communications orales. La premi\u00e8re a port\u00e9 sur le suivi et la mise en \u0153uvre des recommandations et engagements de la rencontre gouvernement-pr\u00e9sident des collectivit\u00e9s territoriales. A ce propos, six recommandations ont \u00e9t\u00e9 faites. A en croire le porte-voix de l\u2019ex\u00e9cutif, une recommandation a \u00e9t\u00e9 totalement mise en \u0153uvre et les cinq autres le sont partiellement. La seconde communication a concern\u00e9 l\u2019adoption d\u2019un plan d\u2019actions national de mise en \u0153uvre des r\u00e9solutions 1325, 1820 et 2242 du Conseil des Nations unies. \u00abCe document a \u00e9t\u00e9 \u00e9labor\u00e9 pour la protection et la r\u00e9habilitation de femmes victimes de violences, l\u2019int\u00e9gration du genre dans la gouvernance du secteur de la s\u00e9curit\u00e9 et de la d\u00e9fense\u00bb, a confi\u00e9 le gouvernement. L\u2019ex\u00e9cutif a, par ailleurs, r\u00e9agi \u00e0 la suite du d\u00e9bat en cours sur la signature ou non d\u2019un accord de coop\u00e9ration militaire entre le Burkina et la France. \u00ab Nous avons sign\u00e9 un accord de coop\u00e9ration militaire avec la France depuis 2018. Ce type d\u2019accord avait \u00e9t\u00e9 d\u00e9j\u00e0 sign\u00e9 en 2015 sous la Transition. Auparavant, des accords similaires ont \u00e9t\u00e9 sign\u00e9s. Il n\u2019y a pas de refus d\u2019un gouvernement \u00e0 s\u2019assumer. Les accords sont sign\u00e9s et doivent \u00eatre normalement rediscut\u00e9s \u00e0 leur terme \u00bb, a expliqu\u00e9 le ministre en charge de la communication.<\/p>\n<p class=\"c1\"><strong>Abdoulaye BALBONE<\/strong><\/p>\n<div class=\"td-a-rec td-a-rec-id-content_bottom tdi_30_5bd td_block_template_1\"><img loading=\"lazy\" decoding=\"async\" class=\"aligncenter size-full wp-image-9623\" src=\"https:\/\/www.sidwaya.info\/wp-content\/uploads\/2019\/06\/Projet-bannie%CC%80re-Orange-mobile.jpg\" alt=\"\" width=\"728\" height=\"81\"\/><\/div>\n<p>Auteur: DD. Sidwaya<br \/>\n<a href=\"https:\/\/www.sidwaya.info\/blog\/2019\/11\/27\/cooperation-militaire-en-2018-nous-avons-signe-un-accord-avec-la-france-remis-dandjinou\/\">Cliquez ici pour lire l&rsquo;article depuis sa source.<\/a><\/p>\n","protected":false},"excerpt":{"rendered":"<p>L\u2019hebdomadaire Conseil des ministres s\u2019est tenu le mercredi 27 novembre 2019 \u00e0 Ouagadougou, sous la conduite du pr\u00e9sident du Faso, Roch Marc Christian Kabor\u00e9. Les questions s\u00e9curitaire, environnementale et de la protection de la femme \u00e9taient au menu. Le gouvernement est conscient de l\u2019\u00e9pineuse question du transfert des ressources aux collectivit\u00e9s territoriales. Le Conseil des [&hellip;]<\/p>\n","protected":false},"author":1816,"featured_media":0,"comment_status":"closed","ping_status":"closed","sticky":false,"template":"","format":"standard","meta":{"fifu_image_url":"","fifu_image_alt":"","footnotes":""},"categories":[73,81],"tags":[],"class_list":["post-68735","post","type-post","status-publish","format-standard","hentry","category-actualite","category-burkina-faso"],"_links":{"self":[{"href":"https:\/\/linitiative.ca\/International\/wp-json\/wp\/v2\/posts\/68735","targetHints":{"allow":["GET"]}}],"collection":[{"href":"https:\/\/linitiative.ca\/International\/wp-json\/wp\/v2\/posts"}],"about":[{"href":"https:\/\/linitiative.ca\/International\/wp-json\/wp\/v2\/types\/post"}],"author":[{"embeddable":true,"href":"https:\/\/linitiative.ca\/International\/wp-json\/wp\/v2\/users\/1816"}],"replies":[{"embeddable":true,"href":"https:\/\/linitiative.ca\/International\/wp-json\/wp\/v2\/comments?post=68735"}],"version-history":[{"count":0,"href":"https:\/\/linitiative.ca\/International\/wp-json\/wp\/v2\/posts\/68735\/revisions"}],"wp:attachment":[{"href":"https:\/\/linitiative.ca\/International\/wp-json\/wp\/v2\/media?parent=68735"}],"wp:term":[{"taxonomy":"category","embeddable":true,"href":"https:\/\/linitiative.ca\/International\/wp-json\/wp\/v2\/categories?post=68735"},{"taxonomy":"post_tag","embeddable":true,"href":"https:\/\/linitiative.ca\/International\/wp-json\/wp\/v2\/tags?post=68735"}],"curies":[{"name":"wp","href":"https:\/\/api.w.org\/{rel}","templated":true}]}}