{"id":68737,"date":"2019-11-27T17:30:57","date_gmt":"2019-11-27T22:30:57","guid":{"rendered":"https:\/\/linitiative.ca\/International\/conseil-des-ministres-du-mercredi-27-novembre-2019\/"},"modified":"2019-11-27T17:30:57","modified_gmt":"2019-11-27T22:30:57","slug":"conseil-des-ministres-du-mercredi-27-novembre-2019","status":"publish","type":"post","link":"https:\/\/linitiative.ca\/International\/conseil-des-ministres-du-mercredi-27-novembre-2019\/","title":{"rendered":"Conseil des ministres du mercredi 27 novembre 2019"},"content":{"rendered":"<div class=\"td-post-featured-image\"><a href=\"https:\/\/i2.wp.com\/www.sidwaya.info\/wp-content\/uploads\/2019\/11\/amoirie.jpg?fit=765%2C510&#038;ssl=1\" data-caption=\"\"><img loading=\"lazy\" decoding=\"async\" width=\"696\" height=\"464\" class=\"entry-thumb td-modal-image\" src=\"https:\/\/i2.wp.com\/www.sidwaya.info\/wp-content\/uploads\/2019\/11\/amoirie.jpg?resize=696%2C464&#038;ssl=1\" srcset=\"https:\/\/i2.wp.com\/www.sidwaya.info\/wp-content\/uploads\/2019\/11\/amoirie.jpg?w=765&#038;ssl=1 765w, https:\/\/i2.wp.com\/www.sidwaya.info\/wp-content\/uploads\/2019\/11\/amoirie.jpg?resize=300%2C200&#038;ssl=1 300w, https:\/\/i2.wp.com\/www.sidwaya.info\/wp-content\/uploads\/2019\/11\/amoirie.jpg?resize=696%2C464&#038;ssl=1 696w, https:\/\/i2.wp.com\/www.sidwaya.info\/wp-content\/uploads\/2019\/11\/amoirie.jpg?resize=630%2C420&#038;ssl=1 630w\" sizes=\"auto, (max-width: 696px) 100vw, 696px\" alt=\"\" title=\"amoirie\"\/><\/a><\/div>\n<p><strong>Le Conseil des ministres s\u2019est tenu \u00e0 Ouagadougou, le mercredi 27 novembre 2019, en s\u00e9ance ordinaire, de 09 H 40 mn \u00e0 15 H 15 mn, sous la pr\u00e9sidence de Son Excellence Monsieur Roch Marc Christian KABORE, Pr\u00e9sident du Faso, Pr\u00e9sident du Conseil des ministres. Il a d\u00e9lib\u00e9r\u00e9 sur les dossiers inscrits \u00e0 son ordre du jour, entendu des communications orales, proc\u00e9d\u00e9 \u00e0 des nominations,et autoris\u00e9 des missions \u00e0 l\u2019\u00e9tranger.<\/strong><\/p>\n<p><strong>I. DELIBERATIONS<\/strong><br \/>I.1. AU TITRE DE LA REFORME DES INSTITUTIONS ET DE LA MODERNISATION DE L\u2019ADMINISTRATION, LE CONSEIL A ADOPTE TROIS (03) RAPPORTS.<br \/>I.1.1. Pour le compte du minist\u00e8re de l\u2019Administration territoriale, de la d\u00e9centralisation et de la coh\u00e9sion sociale:<br \/>\u2013 un d\u00e9cret portant cr\u00e9ation, missions, organisation, composition et fonctionnement du cadre de \u00ab Dialogue Gouvernement-Pr\u00e9sidents de Conseils de collectivit\u00e9s territoriales \u00bb.<br \/>La cr\u00e9ation du cadre de \u00ab Dialogue Gouvernement-Pr\u00e9sidents de Conseils de collectivit\u00e9s territoriales \u00bb vise un meilleur suivi et \u00e9valuation du processus des transferts de comp\u00e9tences et de ressources de l\u2019Etat aux collectivit\u00e9s territoriales.<br \/>I.1.2. Pour le compte du minist\u00e8re de l\u2019Economie, des finances et du d\u00e9veloppement :<br \/>\u2013 un rapport relatif \u00e0 la situation d\u2019ex\u00e9cution du budget et de la tr\u00e9sorerie de l\u2019Etat, exercice 2019, au 30 septembre.<br \/>Au 30 septembre 2019, pour une pr\u00e9vision annuelle dans la loi de finances initiale de 1 954,56 milliards de F CFA, le niveau global de mobilisation des ressources de l\u2019Etat se chiffre \u00e0 1 315,32 milliards de F CFA, soit un taux de r\u00e9alisation de 67,29% contre 61,60% en 2018 \u00e0 la m\u00eame p\u00e9riode.<br \/>Sur une pr\u00e9vision ajust\u00e9e, base cr\u00e9dits de paiement de 2 304,29 milliards de F CFA, les d\u00e9penses ex\u00e9cut\u00e9es au 30 septembre 2019 s\u2019\u00e9l\u00e8vent \u00e0 1 612,14 milliards de F CFA, correspondant \u00e0 un taux de 69,96 % contre 61,60% soit 1 469,85 milliards de F CFA \u00e0 la m\u00eame date en 2018.<br \/>L\u2019\u00e9pargne budg\u00e9taire et le solde global sont ressortis respectivement exc\u00e9dentaire de 39,30 milliards de F CFA et d\u00e9ficitaire de 296,82 milliards de F CFA contre 96,20 milliards et 226,66 milliards de F CFA \u00e0 la m\u00eame p\u00e9riode en 2018.<br \/>I.1.3. Pour le compte du minist\u00e8re de l\u2019Environnement, de l\u2019\u00e9conomie verte et du changement climatique :<br \/>\u2013 un rapport relatif \u00e0 l\u2019adh\u00e9sion du Burkina Faso au m\u00e9canisme de financement durable de la Fondation des savanes Ouest-africaine (FSOA).<br \/>La FSOA est un outil de financement durable des aires prot\u00e9g\u00e9es du complexe W-Arly-Pendjari (WAP). La demande d\u2019adh\u00e9sion de notre pays fait suite \u00e0 la signature de l\u2019accord tripartite et au processus de mise en oeuvre de la feuille de route adopt\u00e9e conjointement par les trois pays (le Burkina Faso, le Benin et le Niger) concern\u00e9s par le complexe WAP. Cette adh\u00e9sion permet de mobiliser les ressources financi\u00e8res requises pour la gestion durable des parcs nationaux d\u2019Arly et du W.<br \/>Le Conseil a marqu\u00e9 son accord pour l\u2019adh\u00e9sion de notre pays \u00e0 la Fondation des savanes Ouest-africaine (FSOA).<br \/>Page 6 sur 20<\/p>\n<p><strong>II. COMMUNICATIONS ORALES<\/strong><br \/>II.1. Le ministre d\u2019Etat, ministre de l\u2019Administration territoriale, de la d\u00e9centralisation et de la coh\u00e9sion sociale a fait au Conseil une communication relative aux conclusions de l\u2019atelier technique national d\u2019\u00e9laboration de la d\u00e9finition consensuelle et de la vision de la coh\u00e9sion sociale au Burkina Faso.<br \/>Ce rapport d\u2019\u00e9tape sur l\u2019\u00e9laboration de la strat\u00e9gie de la coh\u00e9sion sociale permet au minist\u00e8re en charge de la coh\u00e9sion sociale de finaliser ladite strat\u00e9gie.<br \/>Le ministre d\u2019Etat, ministre de l\u2019Administration territoriale, de la d\u00e9centralisation et de la coh\u00e9sion sociale a \u00e9galement fait une communication relative au suivi de la mise en oeuvre des recommandations et engagements de la rencontre Gouvernement\/Pr\u00e9sidents de conseils de collectivit\u00e9s territoriales tenue les 25 et 26 janvier 2018 \u00e0 Ouagadougou.<br \/>Cette rencontre a concern\u00e9 l\u2019op\u00e9rationnalisation du transfert des comp\u00e9tences et des ressources aux entit\u00e9s d\u00e9centralis\u00e9es.<br \/>Il a par ailleurs fait au Conseil le bilan du fonctionnement des conseils de collectivit\u00e9s territoriales en 2018, \u00e9tabli sur la base de la tenue r\u00e9guli\u00e8re des sessions ordinaires des conseils municipaux et r\u00e9gionaux, conform\u00e9ment aux dispositions du Code g\u00e9n\u00e9ral des collectivit\u00e9s territoriales.<br \/>II.2. Le ministre des Affaires \u00e9trang\u00e8res et de la coop\u00e9ration a fait au Conseil le bilan de la participation du Pr\u00e9sident du Faso, Son Excellence Monsieur Roch Marc Christian KABORE \u00e0 la Conf\u00e9rence du G20 sur l\u2019initiative \u00ab Compact with Africa \u00bb tenue le 19 novembre 2019 \u00e0 Berlin en R\u00e9publique f\u00e9d\u00e9rale d\u2019Allemagne. Le pr\u00e9sident du Faso et ses pairs ont \u00e9chang\u00e9 sur les strat\u00e9gies \u00e0 mettre en oeuvre pour promouvoir les investissements priv\u00e9s sur le continent africain.<br \/>Au cours de son s\u00e9jour, le Pr\u00e9sident du Faso a eu des s\u00e9ances de travail avec le Pr\u00e9sident de la R\u00e9publique f\u00e9d\u00e9rale d\u2019Allemagne, Frank-Walter Steinmeier et la Chanceli\u00e8re Angela Merkel.<br \/>II.3. Le ministre de la Sant\u00e9 a inform\u00e9 le Conseil du lancement des travaux de construction du Centre hospitalier r\u00e9gional (CHR) de Manga et de l\u2019inauguration du CHR de Ziniar\u00e9, respectivement le 1er et le 2 d\u00e9cembre 2019.<br \/>La construction de ces infrastructures sanitaires vise \u00e0 am\u00e9liorer l\u2019offre de soins et l\u2019acc\u00e8s \u00e0 des services de sant\u00e9 de qualit\u00e9 aux populations des deux r\u00e9gions.<br \/>II.4. Le ministre de l\u2019Energie a fait au Conseil une communication relative au lancement de la phase pilote du Projet de d\u00e9veloppement des connexions \u00e0 l\u2019\u00e9lectricit\u00e9 (PDCEL) le 07 d\u00e9cembre 2019 \u00e0 Tenkodogo en marge de la comm\u00e9moration de la f\u00eate de l\u2019ind\u00e9pendance du Burkina Faso.<br \/>Ce projet vise dans sa phase I (2019-2020), le raccordement de 300 000 m\u00e9nages et points socio\u00e9conomiques au r\u00e9seau \u00e9lectrique de la SONABEL \u00e0 des conditions souples. Il vise \u00e9galement, dans ses phases II (2021-2025) et III (2026-2030), la connexion d\u2019au moins 250 000 nouveaux clients chaque ann\u00e9e.<br \/>II.5. Le ministre de la Femme, de la solidarit\u00e9 nationale, de la famille et de l\u2019action humanitaire a pr\u00e9sent\u00e9 au Conseil le plan d\u2019actions national de mise en oeuvre des r\u00e9solutions 1325, 1820 et 2242 du Conseil de s\u00e9curit\u00e9 des Nations unies.<br \/>Ces r\u00e9solutions engagent tous les pays du monde \u00e0 faire de la protection des femmes et des personnes vuln\u00e9rables ainsi que de l\u2019implication de la femme dans la lutte contre le terrorisme et l\u2019extr\u00e9misme violent une priorit\u00e9.<br \/>II.6. Le ministre de la Jeunesse et de la promotion de l\u2019entrepreneuriat des jeunes a fait au Conseil une communication relative \u00e0 la c\u00e9l\u00e9bration, le 5 d\u00e9cembre 2019 \u00e0 Ouagadougou et \u00e0 Tenkodogo, de la Journ\u00e9e internationale des volontaires (JIV) pour le d\u00e9veloppement \u00e9conomique et social.<br \/>Plac\u00e9e sous le th\u00e8me : \u00ab volontaires pour construire un avenir inclusif \u00bb, cette journ\u00e9e vise \u00e0 magnifier la contribution des volontaires \u00e0 la solidarit\u00e9, \u00e0 la coh\u00e9sion sociale, \u00e0 la s\u00e9curit\u00e9, \u00e0 la paix et au d\u00e9veloppement. Elle vise \u00e9galement \u00e0 sensibiliser les populations et les gouvernants sur la contribution des volontaires dans la r\u00e9solution des d\u00e9fis de soci\u00e9t\u00e9 et \u00e0 encourager les populations \u00e0 offrir leurs services en tant que volontaires ou b\u00e9n\u00e9voles au Burkina Faso et \u00e0 l\u2019\u00e9tranger.<\/p>\n<p><strong>III. NOMINATIONS<\/strong><br \/><strong>III.1. NOMINATIONS DANS LES FONCTIONS INDIVIDUELLES<\/strong><br \/><strong>A. AU TITRE DU MINISTERE DE LA SANTE<\/strong><br \/>\u2013 Monsieur Mady ZORNE, Mle 95 859 M, Administrateur des h\u00f4pitaux et des services de sant\u00e9, 1\u00e8re classe, 7\u00e8me \u00e9chelon, est nomm\u00e9 Directeur g\u00e9n\u00e9ral du Centre hospitalier r\u00e9gional de Ziniar\u00e9 ;<br \/>\u2013 Madame Marie Emmanuelle Lamoussa ZOURE, Mle 111 399 V, M\u00e9decin sp\u00e9cialiste en sant\u00e9 publique, 1\u00e8re classe, 5\u00e8me \u00e9chelon, est nomm\u00e9e Directrice de la pr\u00e9vention et du contr\u00f4le des maladies non transmissibles ;<br \/>\u2013 Madame Estelle A\u00efssa BAMBARA, Mle 207 975 X, Nutritionniste m\u00e9dicale, 1\u00e8re classe, 5\u00e8me \u00e9chelon, est nomm\u00e9e Directrice de la nutrition ;<br \/>\u2013 Monsieur Yacouba SAVADOGO, Mle 88 263 G, M\u00e9decin sp\u00e9cialiste en sant\u00e9 publique, 1\u00e8re classe, 8\u00e8me \u00e9chelon, est nomm\u00e9 Directeur de la protection de la sant\u00e9 de la population ;<br \/>\u2013 Monsieur Noaga Celestin YAMEOGO, Mle 82 413 B, M\u00e9decin de sant\u00e9 publique, 1\u00e8re classe, 7\u00e8me \u00e9chelon, est nomm\u00e9 Directeur du secteur priv\u00e9 de sant\u00e9 ;<br \/>\u2013 Madame Nessin\u00e9 Nina KORSAGA\/SOME, Mle 104 441 R, Ma\u00eetre de conf\u00e9rence, 1\u00e8re classe, 1er \u00e9chelon, est nomm\u00e9e Directrice de la production des ressources humaines en sant\u00e9 ;<br \/>\u2013 Monsieur Mahamadi TASSEMBEDO, Mle 118 892 W, M\u00e9decin, 1\u00e8re classe, 4\u00e8me \u00e9chelon, est nomm\u00e9 Directeur du suivi, de l\u2019\u00e9valuation et de la capitalisation ;<br \/>\u2013 Monsieur Doumapoul\u00e8 Vincent BATIENE, Mle 208 196 J, M\u00e9decin, 1\u00e8re classe, 4\u00e8me \u00e9chelon, est nomm\u00e9 Directeur de la formulation de la politique et des strat\u00e9gies sectorielles ;<br \/>\u2013 Monsieur Dramane SANOU, Mle 278 928 A, Conservateur d\u2019archives, 1\u00e8re classe, 2\u00e8me \u00e9chelon, est nomm\u00e9 Directeur des archives et de la documentation.<\/p>\n<p><strong>B. AU TITRE DU MINISTERE DE L\u2019ECONOMIE, DES FINANCES ET DU DEVELOPPEMENT<\/strong><br \/>\u2013 Monsieur Robert TONDE, Mle 33 312 H, Inspecteur du tr\u00e9sor, 1\u00e8re classe, 17\u00e8me \u00e9chelon, est nomm\u00e9 Secr\u00e9taire g\u00e9n\u00e9ral de la Caisse de d\u00e9p\u00f4ts et de consignations (CDC-BF) ;<br \/>\u2013 Madame Kiswendsida C\u00e9line Josiane OUEDRAOGO, Mle 104 678 F, Administrateur des services financiers, 1\u00e8re classe, 8\u00e8me \u00e9chelon, est nomm\u00e9e Directrice du d\u00e9veloppement institutionnel et de l\u2019innovation ;<br \/>\u2013 Monsieur Bakary DRABO, Mle 104 264 D, Administrateur des services financiers, 1\u00e8re classe, 6\u00e8me \u00e9chelon, est nomm\u00e9 Directeur provincial du contr\u00f4le des march\u00e9s publics et des engagements financiers des Bal\u00e9 ;<br \/>\u2013 Monsieur Souma\u00efla LOABA, Mle 111 133 R, Administrateur des services financiers, 1\u00e8re classe, 6\u00e8me \u00e9chelon, est nomm\u00e9 Directeur provincial du contr\u00f4le des march\u00e9s publics et des engagements financiers du Bam ;<br \/>\u2013 Monsieur Sonongagnin\u00e9 Alfred DA, Mle 294 288 A, Administrateur des services financiers, 1\u00e8re classe, 1er \u00e9chelon, est nomm\u00e9 Directeur provincial du contr\u00f4le des march\u00e9s publics et des engagements financiers des Banwa;<br \/>\u2013 Madame Souma\u00ef Georgette TOUGRI\/HEMA, Mle 225 088 T, Administrateur des services financiers, 1\u00e8re classe, 2\u00e8me \u00e9chelon, est nomm\u00e9e Directrice provinciale du contr\u00f4le des march\u00e9s publics et des engagements financiers du Baz\u00e8ga ;<br \/>\u2013 Monsieur Hamidou SAVADOGO, Mle 40 417 D, Administrateur des services financiers, 1\u00e8re classe, 7\u00e8me \u00e9chelon, est nomm\u00e9 Directeur provincial du contr\u00f4le des march\u00e9s publics et des engagements financiers du Ganzourgou ;<br \/>\u2013 Monsieur Samba Robert ROUAMBA, Mle 257 150 B, Administrateur des services financiers, 1\u00e8re classe, 2\u00e8me \u00e9chelon, est nomm\u00e9 Directeur provincial du contr\u00f4le des march\u00e9s publics et des engagements financiers de la Gnagna ;<br \/>\u2013 Monsieur Yaya DIARRA, Mle 257 133 U, Administrateur des services financiers, 1\u00e8re classe, 2\u00e8me \u00e9chelon, est nomm\u00e9 Directeur provincial du contr\u00f4le des march\u00e9s publics et des engagements financiers du Ioba ;<br \/>\u2013 Monsieur Sa\u00efdou KORA, Mle 111 132 C, Administrateur des services financiers, 1\u00e8re classe, 5\u00e8me \u00e9chelon, est nomm\u00e9 Directeur provincial du contr\u00f4le des march\u00e9s publics et des engagements financiers de la Kompienga ;<br \/>\u2013 Monsieur Oumarou KORGO, Mle 235 882 H, Administrateur des services financiers, 1\u00e8re classe, 1er \u00e9chelon, est nomm\u00e9 Directeur provincial du contr\u00f4le des march\u00e9s publics et des engagements financiers du Kourw\u00e9ogo ;<br \/>\u2013 Monsieur Sibiri Dieudonn\u00e9 SANKARA, Mle 216 151 X, Administrateur des services financiers, 1\u00e8re classe, 4\u00e8me \u00e9chelon, est nomm\u00e9 Directeur provincial du contr\u00f4le des march\u00e9s publics et des engagements financiers de la Kossi ;<br \/>\u2013 Monsieur Nomwend\u00e9 BAMOGO, Mle 272 811 K, Administrateur des services financiers, 1\u00e8re classe, 2\u00e8me \u00e9chelon, est nomm\u00e9 Directeur provincial du contr\u00f4le des march\u00e9s publics et des engagements financiers du Lorum ;<br \/>\u2013 Monsieur Sougrinoma Abdoul-Aziz OUEDRAOGO, Mle 294 297 X, Administrateur des services financiers, 1\u00e8re classe, 1er \u00e9chelon, est nomm\u00e9 Directeur provincial du contr\u00f4le des march\u00e9s publics et des engagements financiers du Namentenga ;<br \/>\u2013 Monsieur Ardjouma HEMA, Mle 208 049 S, Administrateur des services financiers, 1\u00e8re classe, 5\u00e8me \u00e9chelon, est nomm\u00e9 Directeur provincial du contr\u00f4le des march\u00e9s publics et des engagements financiers du Nahouri ;<br \/>\u2013 Monsieur Idrissa Charles ZONGO, Mle 228 708 D, Administrateur des services financiers, 1\u00e8re classe, 1er \u00e9chelon, est nomm\u00e9 Directeur provincial du contr\u00f4le des march\u00e9s publics et des engagements financiers du Nayala ;<br \/>\u2013 Monsieur Ousmane ILINGA, Mle 294 286 N, Administrateur des services financiers, 1\u00e8re classe, 1er \u00e9chelon, est nomm\u00e9 Directeur provincial du contr\u00f4le des march\u00e9s publics et des engagements financiers du Noumbiel ;<br \/>\u2013 Monsieur Moussa SANFO, Mle 245 192 D, Administrateur des services financiers, 1\u00e8re classe, 3\u00e8me \u00e9chelon, est nomm\u00e9 Directeur provincial du contr\u00f4le des march\u00e9s publics et des engagements financiers de l\u2019Oudalan ;<br \/>\u2013 Monsieur Dom\u00e8kabeyane Bertrant HIEN, Mle 245 170 L, Administrateur des services financiers, 1\u00e8re classe, 3\u00e8me \u00e9chelon, est nomm\u00e9 Directeur provincial du contr\u00f4le des march\u00e9s publics et des engagements financiers de la Sissili ;<br \/>\u2013 Monsieur Karapabou KIENOU, Mle 257 142 W, Administrateur des services financiers, 1\u00e8re classe, 2\u00e8me \u00e9chelon, est nomm\u00e9 Directeur provincial du contr\u00f4le des march\u00e9s publics et des engagements financiers du Soum ;<br \/>\u2013 Monsieur Oumar BELEM, Mle 216 131 U, Administrateur des services financiers, 1\u00e8re classe, 4\u00e8me \u00e9chelon, est nomm\u00e9 Directeur provincial du contr\u00f4le des march\u00e9s publics et des engagements financiers du Tuy ;<br \/>\u2013 Monsieur Nangournourou Herv\u00e9 SOMDA, Mle 228 705 F, Administrateur des services financiers, 1\u00e8re classe, 1er \u00e9chelon, est nomm\u00e9 Directeur provincial du contr\u00f4le des march\u00e9s publics et des engagements financiers du Zondoma.<\/p>\n<p><strong>C. AU TITRE DU MINISTERE DE L\u2019ENSEIGNEMENT SUPERIEUR, DE LA RECHERCHE SCIENTIFIQUE ET DE L\u2019INNOVATION<\/strong><br \/>\u2013 Monsieur Ali GARANE, Mle 216 569 R, Charg\u00e9 de recherche, cat\u00e9gorie P2, grade initial, 2\u00e8me \u00e9chelon, est nomm\u00e9 Directeur r\u00e9gional de la recherche scientifique et de l\u2019innovation du Sahel.<\/p>\n<p><strong>D. AU TITRE DU MINISTERE DE LA COMMUNICATION ET DES RELATIONS AVEC LE PARLEMENT<\/strong><br \/>\u2013 Monsieur Souma\u00efla OUEDRAOGO, Mle 36 332 B, Enseignant, 1\u00e8re classe, 12\u00e8me \u00e9chelon, est nomm\u00e9 Directeur de Cabinet ;<br \/>\u2013 Monsieur Seydou TRAORE, Mle 53 618 W, Administrateur des services financiers, 1\u00e8re classe, 4\u00e8me \u00e9chelon, est nomm\u00e9 Directeur de l\u2019Administration des finances ;<br \/>\u2013 Madame Alimata BOUDA, Mle 46 242 T, Administrateur des services financiers, 1\u00e8re classe, 5\u00e8me \u00e9chelon, est nomm\u00e9e Directrice des march\u00e9s publics.<\/p>\n<p><strong>E. AU TITRE DU MINISTERE DE LA FEMME, DE LA SOLIDARITE NATIONALE, DE LA FAMILLE ET DE L\u2019ACTION HUMANITAIRE<\/strong><br \/>\u2013 Monsieur Pon BARRO, Mle 46 250 P, Administrateur des services financiers, 1\u00e8re classe, 7\u00e8me \u00e9chelon, est nomm\u00e9 Directeur de l\u2019Administration des finances du Secr\u00e9tariat permanent du Conseil national de lutte contre la pratique de l\u2019excision (SP-CNLPE) ;<br \/>\u2013 Madame Wend Kuuni Bernadette Marie Reine YAMEOGO\/BELEM, Mle 92 517 F, Administrateur des affaires sociales, 1\u00e8re classe, 3\u00e8me \u00e9chelon, est nomm\u00e9e Directrice provinciale de la femme, de la solidarit\u00e9 nationale, de la famille et de l\u2019action humanitaire du Houet ;<br \/>\u2013 Monsieur Antoine KABORE, Mle 57 269 M, Inspecteur d\u2019\u00e9ducation de jeunes enfants, 1\u00e8re classe, 5\u00e8me \u00e9chelon, est<br \/>nomm\u00e9 Directeur provincial de la femme, de la solidarit\u00e9 nationale, de la famille et de l\u2019action humanitaire du Zoundw\u00e9ogo.<\/p>\n<p><strong>F. AU TITRE DU MINISTERE DES RESSOURCES ANIMALES ET HALIEUTIQUES<\/strong><br \/>\u2013 Madame Kadiguiai SAWADOGO, Mle 52 923 N, Inspecteur de l\u2019Enseignement du premier degr\u00e9, 1\u00e8re classe, 1er \u00e9chelon, est nomm\u00e9e Charg\u00e9 d\u2019\u00e9tudes ;<br \/>\u2013 Madame A\u00efcha SANA, Mle 207 006 X, Conseiller d\u2019Elevage, 1\u00e8re classe, 3\u00e8me \u00e9chelon, est nomm\u00e9e Directrice provinciale des Ressources animales et halieutiques du Boulgou ;<br \/>\u2013 Monsieur Daouda KIEMDE, Mle 97 541 G, Ing\u00e9nieur d\u2019Elevage, 1\u00e8re classe, 3\u00e8me \u00e9chelon, est nomm\u00e9 Directeur provincial des Ressources animales et halieutiques du Boulkiemd\u00e9 ;<br \/>\u2013 Monsieur Sa\u00efdou OUEDRAOGO, Mle 241 902 Y, Docteur V\u00e9t\u00e9rinaire, cat\u00e9gorie P, grade 1, 2\u00e8me \u00e9chelon, est nomm\u00e9 Directeur g\u00e9n\u00e9ral du Fonds de d\u00e9veloppement de l\u2019\u00e9levage (FODEL) ;<br \/>\u2013 Monsieur Mamadou IRA, Mle 288 587 U, Ing\u00e9nieur d\u2019\u00e9levage, 1\u00e8re classe, 2\u00e8me \u00e9chelon, est nomm\u00e9 Directeur de la production et du laboratoire de l\u2019insectarium de Bobo-Dioulasso ;<br \/>\u2013 Monsieur B\u00e9n\u00e9wend\u00e9 Aristide KABORE, Mle 313 389 P, V\u00e9t\u00e9rinaire, cat\u00e9gorie PC, grade 1, 1er \u00e9chelon, est nomm\u00e9 Directeur de la lutte int\u00e9gr\u00e9e \u00e0 l\u2019insectarium de Bobo-Dioulasso ;<br \/>\u2013 Monsieur Jean SIMPORE, Mle 33 741 U, Ing\u00e9nieur d\u2019\u00e9levage, 1\u00e8re classe, 7\u00e8me \u00e9chelon, est nomm\u00e9 Directeur r\u00e9gional des ressources animales et halieutiques du Centre Sud ;<br \/>\u2013 Monsieur Narcisse KIEMA, Mle 87 293 R, Ing\u00e9nieur du d\u00e9veloppement rural option vulgarisation agricole, 1\u00e8re classe, 1er \u00e9chelon, est nomm\u00e9 Directeur provincial des ressources animales et halieutiques du Sourou ;<br \/>\u2013 Monsieur Michel OUEDRAOGO, Mle 87 320 W, Conseiller d\u2019\u00e9levage, 1\u00e8re classe, 3\u00e8me \u00e9chelon, est nomm\u00e9 Directeur provincial des ressources animales et halieutiques du Yagha.<\/p>\n<p><strong>G. AU TITRE DU MINISTERE DE LA JEUNESSE ET DE LA PROMOTION DE L\u2019ENTREPRENEURIAT DES JEUNES<\/strong><br \/>\u2013 Monsieur Moumouni OUEDRAOGO, Mle 225 913 P, Conseiller en emploi et en formation professionnelle, 1\u00e8re classe, 4\u00e8me \u00e9chelon, est nomm\u00e9 Responsable du \u00ab Programme Promotion de l\u2019emploi \u00bb, cumulativement avec ses fonctions de Directeur g\u00e9n\u00e9ral de l\u2019insertion professionnelle et de l\u2019emploi ;<br \/>\u2013 Monsieur Bakary MILLOGO, Mle 36 352 Y, Inspecteur de l\u2019enseignement secondaire, cat\u00e9gorie PB, 2\u00e8me classe, 11\u00e8me \u00e9chelon, est nomm\u00e9 Directeur g\u00e9n\u00e9ral du Centre de formation professionnelle industrielle de Bobo-Dioulasso (CFPI-B) ;<br \/>\u2013 Monsieur Lassana OUEDRAOGO, Mle 225 911 V, Conseiller en emploi et en formation professionnelle, 1\u00e8re classe, 4\u00e8me \u00e9chelon, est nomm\u00e9 Directeur du suivi des actions d\u2019insertion professionnelle et de l\u2019emploi ;<br \/>\u2013 Monsieur Abdoulaye TRAORE, Mle 238 637 C, Conseiller en emploi et en formation professionnelle, 1\u00e8re classe, 3\u00e8me \u00e9chelon, est nomm\u00e9 Directeur des strat\u00e9gies d\u2019emploi et d\u2019insertion professionnelle ;<br \/>\u2013 Monsieur Mamadou CISSE, Mle 259 726 E, Conseiller en emploi et en formation professionnelle, 1\u00e8re classe, 2\u00e8me \u00e9chelon, est nomm\u00e9 Directeur de l\u2019\u00e9conomie informelle ;<br \/>\u2013 Monsieur Sibiri Claude Constant KABORE, Mle 211 771 H, Conseiller de jeunesse et d\u2019\u00e9ducation permanente, 1\u00e8re classe, 5\u00e8me \u00e9chelon, est nomm\u00e9 Charg\u00e9 d\u2019\u00e9tudes.<\/p>\n<p><strong>H. AU TITRE DU MINISTERE DE L\u2019ENVIRONNEMENT, DE L\u2019ECONOMIE VERTE ET DU CHANGEMENT CLIMATIQUE<\/strong><br \/>\u2013 Monsieur Mamadou HONADIA, Mle 29 262 H, Conservateur des eaux et for\u00eats, cat\u00e9gorie 1, \u00e9chelle A, 2\u00e8me \u00e9chelon, est nomm\u00e9 Charg\u00e9 de missions ;<br \/>\u2013 Monsieur Paul DJIGUEMDE, Mle 31 941 N, Inspecteur principal des eaux et for\u00eats, cat\u00e9gorie 1, \u00e9chelle A, 13\u00e8me grade, 5\u00e8me \u00e9chelon, est nomm\u00e9 Conseiller technique en remplacement de monsieur Souleymane ZEBA ;<br \/>\u2013 Monsieur Beno\u00eet DOAMBA, Mle 29 243 Z, Inspecteur g\u00e9n\u00e9ral des eaux et for\u00eats, cat\u00e9gorie 1, \u00e9chelle B, 3\u00e8me \u00e9chelon, est nomm\u00e9 Directeur g\u00e9n\u00e9ral de l\u2019Office national des aires prot\u00e9g\u00e9es (OFINAP) ;<br \/>\u2013 Monsieur Dieudonn\u00e9 YAMEOGO, Mle 46 081 M, Inspecteur des Eaux et for\u00eats, 1\u00e8re classe, 5\u00e8me \u00e9chelon, est nomm\u00e9 Directeur de la Faune et des ressources cyn\u00e9g\u00e9tiques ;<br \/>\u2013 Monsieur Ibrahim LANKOANDE, Mle 26 628 L, Conservateur des Eaux et for\u00eats, 1\u00e8re classe, 1er \u00e9chelon, est nomm\u00e9 Directeur de la coordination des conventions internationales ;<br \/>\u2013 Monsieur Nabons\u00e9ba Ilaire SAYAOGO, Mle 46 136 V, Inspecteur des eaux et for\u00eats, 1\u00e8re classe, 3\u00e8me \u00e9chelon, est nomm\u00e9 Directeur provincial de l\u2019Environnement, de l\u2019\u00e9conomie verte et du changement climatique de l\u2019Oudalan ;<br \/>\u2013 Monsieur Louis NEBIE, Mle 46 110 M, Inspecteur des eaux et for\u00eats, cat\u00e9gorie 1, 1\u00e8re classe, 2\u00e8me \u00e9chelon, est nomm\u00e9 Directeur provincial de l\u2019Environnement, de l\u2019\u00e9conomie verte et du changement climatique du Tuy ;<br \/>\u2013 Monsieur Sami DABIRE, Mle 46 093 T, Inspecteur des eaux et for\u00eats est nomm\u00e9 Directeur provincial de l\u2019Environnement, de l\u2019\u00e9conomie verte et du changement climatique du Ioba.<\/p>\n<p><strong>I. AU TITRE DU MINISTERE DES SPORTS ET DES LOISIRS<\/strong><br \/>\u2013 Monsieur Nicolas Wendwaoga OUEDRAOGO, Mle 117 238 N, Professeur d\u2019\u00e9ducation physique et sportive, 1\u00e8re classe, 8\u00e8me \u00e9chelon, est nomm\u00e9 Directeur r\u00e9gional des Sports et des loisirs du Centre.<\/p>\n<p class=\"c1\"><strong>Le Ministre de la Communication et<\/strong><br \/><strong>des Relations avec le Parlement,<\/strong><br \/><strong>Porte-parole du gouvernement,<\/strong><\/p>\n<p class=\"c1\"><strong>R\u00e9mis Fulgance DANDJINOU<\/strong><br \/><strong>Officier de l\u2019ordre national<\/strong><\/p>\n<div class=\"td-a-rec td-a-rec-id-content_bottom tdi_30_5c5 td_block_template_1\"><img loading=\"lazy\" decoding=\"async\" class=\"aligncenter size-full wp-image-9623\" src=\"https:\/\/www.sidwaya.info\/wp-content\/uploads\/2019\/06\/Projet-bannie%CC%80re-Orange-mobile.jpg\" alt=\"\" width=\"728\" height=\"81\"\/><\/div>\n<p>Auteur: DD. Sidwaya<br \/>\n<a href=\"https:\/\/www.sidwaya.info\/blog\/2019\/11\/27\/conseil-des-ministres-du-mercredi-27-novembre-2019\/\">Cliquez ici pour lire l&rsquo;article depuis sa source.<\/a><\/p>\n","protected":false},"excerpt":{"rendered":"<p>Le Conseil des ministres s\u2019est tenu \u00e0 Ouagadougou, le mercredi 27 novembre 2019, en s\u00e9ance ordinaire, de 09 H 40 mn \u00e0 15 H 15 mn, sous la pr\u00e9sidence de Son Excellence Monsieur Roch Marc Christian KABORE, Pr\u00e9sident du Faso, Pr\u00e9sident du Conseil des ministres. Il a d\u00e9lib\u00e9r\u00e9 sur les dossiers inscrits \u00e0 son ordre [&hellip;]<\/p>\n","protected":false},"author":1816,"featured_media":0,"comment_status":"closed","ping_status":"closed","sticky":false,"template":"","format":"standard","meta":{"fifu_image_url":"","fifu_image_alt":"","footnotes":""},"categories":[73,81],"tags":[],"class_list":["post-68737","post","type-post","status-publish","format-standard","hentry","category-actualite","category-burkina-faso"],"_links":{"self":[{"href":"https:\/\/linitiative.ca\/International\/wp-json\/wp\/v2\/posts\/68737","targetHints":{"allow":["GET"]}}],"collection":[{"href":"https:\/\/linitiative.ca\/International\/wp-json\/wp\/v2\/posts"}],"about":[{"href":"https:\/\/linitiative.ca\/International\/wp-json\/wp\/v2\/types\/post"}],"author":[{"embeddable":true,"href":"https:\/\/linitiative.ca\/International\/wp-json\/wp\/v2\/users\/1816"}],"replies":[{"embeddable":true,"href":"https:\/\/linitiative.ca\/International\/wp-json\/wp\/v2\/comments?post=68737"}],"version-history":[{"count":0,"href":"https:\/\/linitiative.ca\/International\/wp-json\/wp\/v2\/posts\/68737\/revisions"}],"wp:attachment":[{"href":"https:\/\/linitiative.ca\/International\/wp-json\/wp\/v2\/media?parent=68737"}],"wp:term":[{"taxonomy":"category","embeddable":true,"href":"https:\/\/linitiative.ca\/International\/wp-json\/wp\/v2\/categories?post=68737"},{"taxonomy":"post_tag","embeddable":true,"href":"https:\/\/linitiative.ca\/International\/wp-json\/wp\/v2\/tags?post=68737"}],"curies":[{"name":"wp","href":"https:\/\/api.w.org\/{rel}","templated":true}]}}