{"id":68738,"date":"2019-11-27T16:02:14","date_gmt":"2019-11-27T21:02:14","guid":{"rendered":"https:\/\/linitiative.ca\/International\/crise-anglophone-lunion-africaine-la-francophonie-et-le-commonwealth-evaluent-les-avancees\/"},"modified":"2019-11-27T16:02:14","modified_gmt":"2019-11-27T21:02:14","slug":"crise-anglophone-lunion-africaine-la-francophonie-et-le-commonwealth-evaluent-les-avancees","status":"publish","type":"post","link":"https:\/\/linitiative.ca\/International\/crise-anglophone-lunion-africaine-la-francophonie-et-le-commonwealth-evaluent-les-avancees\/","title":{"rendered":"Crise anglophone : l\u2019Union africaine, la Francophonie et le Commonwealth \u00e9valuent les avanc\u00e9es"},"content":{"rendered":"<div readability=\"32\">\n<p>Publi\u00e9 le 27.11.2019 \u00e0 22h02 par journal du cameroun<\/p>\n<\/div>\n<div readability=\"60\">\n<h2 class=\"c2\">La mission tripartite d\u2019\u00e9valuation a \u00e9t\u00e9 re\u00e7ue ce 27 novembre par le pr\u00e9sident Paul Biya du <strong>Cameroun<\/strong>.<\/h2>\n<p class=\"c3\">Le pr\u00e9sident de la Commission de l\u2019Union africaine, les secr\u00e9taires g\u00e9n\u00e9rales de la Francophonie et du Commonwealth sont en visite de travail au <strong>Cameroun<\/strong>.<\/p>\n<p class=\"c3\">Il s\u2019agit pour Moussa Faki Mahamat, pr\u00e9sident de la Commission de l\u2019Union africaine (Ua)\u00a0; Louise Mushikiwabo, secr\u00e9taire g\u00e9n\u00e9rale de l\u2019Organisation de la Francophonie\u00a0(Oif); et Patricia Scotland, secr\u00e9taire g\u00e9n\u00e9rale du Commonwealth d\u2019\u00e9valuer les avanc\u00e9es dans la r\u00e9solution de la crise anglophone.<\/p>\n<p class=\"c3\">La mission conjointe Ua, Oif, et Commonwealth a \u00e9t\u00e9 re\u00e7ue ce 27 novembre au palais de l\u2019Unit\u00e9 par le pr\u00e9sident de la R\u00e9publique <strong>Cameroun<\/strong>.<\/p>\n<p class=\"c3\">Cette visite intervient plus de deux mois apr\u00e8s l\u2019organisation du Grand dialogue national pour trouver une issue au conflit sociopolitique qui secoue les r\u00e9gions anglophones du Nord-ouest et du Sud-ouest depuis 2016. Ceci alors que le calme n\u2019est toujours pas revenu dans lesdites r\u00e9gions.<\/p>\n<p class=\"c3\">Les trois hauts diplomates vont poursuivre leurs contacts, en rencontrant notamment des Hommes politiques et des membres de la soci\u00e9t\u00e9 civile.<\/p>\n<p class=\"c3\">Une rencontre avec <strong>Maurice Kamto<\/strong>, leader du <strong>Mouvement pour la renaissance du Cameroun<\/strong> (Mrc) a eu lieu ce jour, selon le porte-parole du pr\u00e9sident de cette formation politique.<\/p>\n<\/div>\n<p>Auteur: Ludovic Amara<br \/>\n<a href=\"https:\/\/www.journalducameroun.com\/345620-2-cameroun\/\">Cliquez ici pour lire l&rsquo;article depuis sa source.<\/a><\/p>\n","protected":false},"excerpt":{"rendered":"<p>Publi\u00e9 le 27.11.2019 \u00e0 22h02 par journal du cameroun La mission tripartite d\u2019\u00e9valuation a \u00e9t\u00e9 re\u00e7ue ce 27 novembre par le pr\u00e9sident Paul Biya du Cameroun. Le pr\u00e9sident de la Commission de l\u2019Union africaine, les secr\u00e9taires g\u00e9n\u00e9rales de la Francophonie et du Commonwealth sont en visite de travail au Cameroun. Il s\u2019agit pour Moussa Faki [&hellip;]<\/p>\n","protected":false},"author":1965,"featured_media":0,"comment_status":"closed","ping_status":"closed","sticky":false,"template":"","format":"standard","meta":{"fifu_image_url":"","fifu_image_alt":"","footnotes":""},"categories":[73,82],"tags":[],"class_list":["post-68738","post","type-post","status-publish","format-standard","hentry","category-actualite","category-cameroun"],"_links":{"self":[{"href":"https:\/\/linitiative.ca\/International\/wp-json\/wp\/v2\/posts\/68738","targetHints":{"allow":["GET"]}}],"collection":[{"href":"https:\/\/linitiative.ca\/International\/wp-json\/wp\/v2\/posts"}],"about":[{"href":"https:\/\/linitiative.ca\/International\/wp-json\/wp\/v2\/types\/post"}],"author":[{"embeddable":true,"href":"https:\/\/linitiative.ca\/International\/wp-json\/wp\/v2\/users\/1965"}],"replies":[{"embeddable":true,"href":"https:\/\/linitiative.ca\/International\/wp-json\/wp\/v2\/comments?post=68738"}],"version-history":[{"count":0,"href":"https:\/\/linitiative.ca\/International\/wp-json\/wp\/v2\/posts\/68738\/revisions"}],"wp:attachment":[{"href":"https:\/\/linitiative.ca\/International\/wp-json\/wp\/v2\/media?parent=68738"}],"wp:term":[{"taxonomy":"category","embeddable":true,"href":"https:\/\/linitiative.ca\/International\/wp-json\/wp\/v2\/categories?post=68738"},{"taxonomy":"post_tag","embeddable":true,"href":"https:\/\/linitiative.ca\/International\/wp-json\/wp\/v2\/tags?post=68738"}],"curies":[{"name":"wp","href":"https:\/\/api.w.org\/{rel}","templated":true}]}}