{"id":68739,"date":"2019-11-27T16:18:03","date_gmt":"2019-11-27T21:18:03","guid":{"rendered":"https:\/\/linitiative.ca\/International\/appel-a-unifier-les-positions-des-pays-africains-en-matiere-de-migration-ministre\/"},"modified":"2019-11-27T16:18:03","modified_gmt":"2019-11-27T21:18:03","slug":"appel-a-unifier-les-positions-des-pays-africains-en-matiere-de-migration-ministre","status":"publish","type":"post","link":"https:\/\/linitiative.ca\/International\/appel-a-unifier-les-positions-des-pays-africains-en-matiere-de-migration-ministre\/","title":{"rendered":"Appel \u00e0 unifier les positions des pays africains en mati\u00e8re de migration (ministre)"},"content":{"rendered":"<div readability=\"32\">\n<p>Publi\u00e9 le 27.11.2019 \u00e0 22h18 par APA News<\/p>\n<\/div>\n<div readability=\"111\">\n<p>Une position unifi\u00e9e des pays africains au niveau international dans le domaine des r\u00e8gles g\u00e9n\u00e9rales en mati\u00e8re de migration s\u2019av\u00e8re n\u00e9cessaire pour adopter des politiques communes dans ce domaine, a plaid\u00e9, mercredi \u00e0 Rabat, le ministre marocain du Travail et de l\u2019Insertion professionnelle, Mohamed Amkraz.Le ministre, qui intervenait \u00e0 l\u2019ouverture d\u2019un atelier sous-r\u00e9gional sur le th\u00e8me \u00ab Les donn\u00e9es de la migration de travail au Maghreb: \u00c9tat des lieux, am\u00e9lioration et partage \u00bb, a soulign\u00e9 que les donn\u00e9es et les statistiques sont des \u00ab outils indispensables \u00bb pour la mise en place de politiques de migration \u00ab r\u00e9elles \u00bb, fond\u00e9es sur un suivi scientifique, une analyse objective, et \u00e9tay\u00e9es par des faits et des chiffres li\u00e9s aux probl\u00e8mes de migration.<\/p>\n<p>Faisant \u00e9tat d\u2019une \u00ab insuffisance \u00bb de donn\u00e9es sur les tendances, les caract\u00e9ristiques et la complexit\u00e9 de la migration sur le continent africain en g\u00e9n\u00e9ral et dans la r\u00e9gion du Maghreb en particulier, le ministre a mis l\u2019accent sur la n\u00e9cessit\u00e9 pour les pays concern\u00e9s de b\u00e9n\u00e9ficier des plates-formes existantes pour consolider la collecte et l\u2019\u00e9change d\u2019informations.<\/p>\n<p>Initi\u00e9 par l\u2019Organisation Internationale du Travail (OIT), en partenariat avec le minist\u00e8re du Travail et de l\u2019Insertion professionnelle, cet atelier de trois jours a pour ambition de \u00e0 fournir un espace appropri\u00e9 pour le partage d\u2019exp\u00e9riences sur l\u2019am\u00e9lioration des donn\u00e9es administratives et statistiques sur les migrations pour le travail dans les pays du Maghreb.<\/p>\n<p>Il vise \u00e9galement \u00e0 \u00e9changer des informations sur les meilleures pratiques en mati\u00e8re de collecte et d\u2019analyse de donn\u00e9es, et \u00e0 ouvrir le d\u00e9bat sur les possibilit\u00e9s d\u2019\u00e9change d\u2019informations entre les pays participants, notamment au niveau du Grand Maghreb\/Afrique du Nord.<\/p>\n<p>Pour sa part, la ministre charg\u00e9e des Marocains r\u00e9sidant \u00e0 l\u2019\u00e9tranger, Nezha El Ouafi, a indiqu\u00e9 que l\u2019une des probl\u00e9matiques les plus importantes du monde arabe et du continent africain est l\u2019apparition de nouveaux probl\u00e8mes li\u00e9s aux mouvements de main-d\u2019\u0153uvre et aux migrations internes sur le continent africain et entre le continent et le monde arabe dans un cadre g\u00e9opolitique d\u00e9licat.<\/p>\n<p>Elle s\u2019est \u00e9galement arr\u00eat\u00e9e sur la transformation qu\u2019a connue la migration maghr\u00e9bine et africaine, avec plus de 80% des migrants au sein du continent, relevant que cette transformation n\u00e9cessite une plus grande mobilisation \u00e0 travers l\u2019adoption de la gouvernance et du financement, ainsi que par le biais d\u2019une approche bas\u00e9e sur une connaissance unifi\u00e9e du Maghreb \u00e0 travers une plateforme maghr\u00e9bine commune de r\u00e9flexion sur l\u2019information..<\/p>\n<p>Par ailleurs, le Haut-commissaire au Plan, M.Ahmed Lahlimi, a soulign\u00e9 dans un discours lu par le directeur de la statistique, qu\u2019une bonne gouvernance des migrations demeure conditionn\u00e9e \u00e0 la mise en place d\u2019un syst\u00e8me d\u2019information coh\u00e9rent, int\u00e9gr\u00e9 et harmonis\u00e9 en mati\u00e8re de donn\u00e9es migratoires, int\u00e9grant des recensements, des enqu\u00eates et des statistiques administratives.<\/p>\n<p>Le r\u00f4le des statistiques de la migration est de fournir l\u2019information pour la prise de choix d\u00e9cisifs sur les march\u00e9s du travail, aussi bien en termes de placement \u00e0 l\u2019international vers le Nord de la M\u00e9diterran\u00e9e ou ailleurs dans le monde, qu\u2019en termes d\u2019accueil de travailleurs migrants et de leur int\u00e9gration dans les march\u00e9s du travail d\u2019Afrique du Nord, a-t-il ajout\u00e9.<\/p>\n<p>Cet atelier s\u2019inscrit dans le cadre de l\u2019 \u00ab Appui \u00e0 la Migration \u00c9quitable pour le Maghreb \u00bb (AMEM), un projet de coop\u00e9ration internationale financ\u00e9 par l\u2019Agence italienne pour la coop\u00e9ration au d\u00e9veloppement, qui vise principalement \u00e0 renforcer les capacit\u00e9s des acteurs gouvernementaux et non gouvernementaux des pays cibles (Libye, Maroc, Mauritanie et Tunisie), \u00e0 mieux g\u00e9rer la migration de travail et \u00e0 assurer un continuum de protection des droits des travailleurs migrants.<\/p>\n<\/div>\n<p>Auteur: APA News<br \/>\n<a href=\"https:\/\/www.journalducameroun.com\/appel-a-unifier-les-positions-des-pays-africains-en-matiere-de-migration-ministre\/\">Cliquez ici pour lire l&rsquo;article depuis sa source.<\/a><\/p>\n","protected":false},"excerpt":{"rendered":"<p>Publi\u00e9 le 27.11.2019 \u00e0 22h18 par APA News Une position unifi\u00e9e des pays africains au niveau international dans le domaine des r\u00e8gles g\u00e9n\u00e9rales en mati\u00e8re de migration s\u2019av\u00e8re n\u00e9cessaire pour adopter des politiques communes dans ce domaine, a plaid\u00e9, mercredi \u00e0 Rabat, le ministre marocain du Travail et de l\u2019Insertion professionnelle, Mohamed Amkraz.Le ministre, qui [&hellip;]<\/p>\n","protected":false},"author":1965,"featured_media":0,"comment_status":"closed","ping_status":"closed","sticky":false,"template":"","format":"standard","meta":{"fifu_image_url":"","fifu_image_alt":"","footnotes":""},"categories":[73,82],"tags":[],"class_list":["post-68739","post","type-post","status-publish","format-standard","hentry","category-actualite","category-cameroun"],"_links":{"self":[{"href":"https:\/\/linitiative.ca\/International\/wp-json\/wp\/v2\/posts\/68739","targetHints":{"allow":["GET"]}}],"collection":[{"href":"https:\/\/linitiative.ca\/International\/wp-json\/wp\/v2\/posts"}],"about":[{"href":"https:\/\/linitiative.ca\/International\/wp-json\/wp\/v2\/types\/post"}],"author":[{"embeddable":true,"href":"https:\/\/linitiative.ca\/International\/wp-json\/wp\/v2\/users\/1965"}],"replies":[{"embeddable":true,"href":"https:\/\/linitiative.ca\/International\/wp-json\/wp\/v2\/comments?post=68739"}],"version-history":[{"count":0,"href":"https:\/\/linitiative.ca\/International\/wp-json\/wp\/v2\/posts\/68739\/revisions"}],"wp:attachment":[{"href":"https:\/\/linitiative.ca\/International\/wp-json\/wp\/v2\/media?parent=68739"}],"wp:term":[{"taxonomy":"category","embeddable":true,"href":"https:\/\/linitiative.ca\/International\/wp-json\/wp\/v2\/categories?post=68739"},{"taxonomy":"post_tag","embeddable":true,"href":"https:\/\/linitiative.ca\/International\/wp-json\/wp\/v2\/tags?post=68739"}],"curies":[{"name":"wp","href":"https:\/\/api.w.org\/{rel}","templated":true}]}}