{"id":68740,"date":"2019-11-27T16:32:04","date_gmt":"2019-11-27T21:32:04","guid":{"rendered":"https:\/\/linitiative.ca\/International\/cameroun-au-moins-six-separatistes-tues-par-larmee\/"},"modified":"2019-11-27T16:32:04","modified_gmt":"2019-11-27T21:32:04","slug":"cameroun-au-moins-six-separatistes-tues-par-larmee","status":"publish","type":"post","link":"https:\/\/linitiative.ca\/International\/cameroun-au-moins-six-separatistes-tues-par-larmee\/","title":{"rendered":"Cameroun : au moins six s\u00e9paratistes tu\u00e9s par l\u2019arm\u00e9e"},"content":{"rendered":"<div readability=\"32\">\n<p>Publi\u00e9 le 27.11.2019 \u00e0 22h32 par journal du cameroun<\/p>\n<\/div>\n<div readability=\"40\">\n<h2 class=\"c2\">Ils ont \u00e9t\u00e9 neutralis\u00e9s au cours d\u2019une op\u00e9ration militaire, ce 27 novembre, dans la r\u00e9gion du Sud-ouest.<\/h2>\n<p class=\"c3\">Une op\u00e9ration men\u00e9e dans la nuit du 27 novembre 2019 par la 21\u00e8 Brigade d\u2019infanterie motoris\u00e9e (Brim) a conduit \u00e0 neutraliser au moins six <strong>combattants s\u00e9cessionnistes<\/strong>.<\/p>\n<p class=\"c3\">Selon des sources s\u00e9curitaires, les \u00e9l\u00e9ments de la Brim ont tendu une embuscade au s\u00e9paratiste dans les environs de Lyssoka, dans la r\u00e9gion du Sud-ouest.<\/p>\n<p class=\"c3\">Deux fusils de fabrication artisanale et du mat\u00e9riel de combats ont \u00e9t\u00e9 r\u00e9cup\u00e9r\u00e9s.<\/p>\n<\/div>\n<p>Auteur: Ludovic Amara<br \/>\n<a href=\"https:\/\/www.journalducameroun.com\/cameroun-au-moins-six-separatistes-tues-par-larmee-cameroun\/\">Cliquez ici pour lire l&rsquo;article depuis sa source.<\/a><\/p>\n","protected":false},"excerpt":{"rendered":"<p>Publi\u00e9 le 27.11.2019 \u00e0 22h32 par journal du cameroun Ils ont \u00e9t\u00e9 neutralis\u00e9s au cours d\u2019une op\u00e9ration militaire, ce 27 novembre, dans la r\u00e9gion du Sud-ouest. Une op\u00e9ration men\u00e9e dans la nuit du 27 novembre 2019 par la 21\u00e8 Brigade d\u2019infanterie motoris\u00e9e (Brim) a conduit \u00e0 neutraliser au moins six combattants s\u00e9cessionnistes. Selon des sources [&hellip;]<\/p>\n","protected":false},"author":1965,"featured_media":0,"comment_status":"closed","ping_status":"closed","sticky":false,"template":"","format":"standard","meta":{"fifu_image_url":"","fifu_image_alt":"","footnotes":""},"categories":[73,82],"tags":[],"class_list":["post-68740","post","type-post","status-publish","format-standard","hentry","category-actualite","category-cameroun"],"_links":{"self":[{"href":"https:\/\/linitiative.ca\/International\/wp-json\/wp\/v2\/posts\/68740","targetHints":{"allow":["GET"]}}],"collection":[{"href":"https:\/\/linitiative.ca\/International\/wp-json\/wp\/v2\/posts"}],"about":[{"href":"https:\/\/linitiative.ca\/International\/wp-json\/wp\/v2\/types\/post"}],"author":[{"embeddable":true,"href":"https:\/\/linitiative.ca\/International\/wp-json\/wp\/v2\/users\/1965"}],"replies":[{"embeddable":true,"href":"https:\/\/linitiative.ca\/International\/wp-json\/wp\/v2\/comments?post=68740"}],"version-history":[{"count":0,"href":"https:\/\/linitiative.ca\/International\/wp-json\/wp\/v2\/posts\/68740\/revisions"}],"wp:attachment":[{"href":"https:\/\/linitiative.ca\/International\/wp-json\/wp\/v2\/media?parent=68740"}],"wp:term":[{"taxonomy":"category","embeddable":true,"href":"https:\/\/linitiative.ca\/International\/wp-json\/wp\/v2\/categories?post=68740"},{"taxonomy":"post_tag","embeddable":true,"href":"https:\/\/linitiative.ca\/International\/wp-json\/wp\/v2\/tags?post=68740"}],"curies":[{"name":"wp","href":"https:\/\/api.w.org\/{rel}","templated":true}]}}