{"id":68741,"date":"2019-11-27T16:50:03","date_gmt":"2019-11-27T21:50:03","guid":{"rendered":"https:\/\/linitiative.ca\/International\/greve-la-sncf-ferme-a-la-vente-les-billets-du-5-au-8-decembre\/"},"modified":"2019-11-27T16:50:03","modified_gmt":"2019-11-27T21:50:03","slug":"greve-la-sncf-ferme-a-la-vente-les-billets-du-5-au-8-decembre","status":"publish","type":"post","link":"https:\/\/linitiative.ca\/International\/greve-la-sncf-ferme-a-la-vente-les-billets-du-5-au-8-decembre\/","title":{"rendered":"Gr\u00e8ve: la SNCF ferme \u00e0 la vente les billets du 5 au 8 d\u00e9cembre"},"content":{"rendered":"<div readability=\"32\">\n<p>Publi\u00e9 le 27.11.2019 \u00e0 22h50 par AFP<\/p>\n<\/div>\n<div readability=\"114\">\n<p>Les billets TGV inOui, Ouigo et Intercit\u00e9s sont ferm\u00e9s \u00e0 la vente du 5 au 8 d\u00e9cembre pour favoriser les clients qui ont d\u00e9j\u00e0 un billet et dont les trains pourraient \u00eatre annul\u00e9s \u00e0 cause de la gr\u00e8ve contre la r\u00e9forme des retraites, a indiqu\u00e9 la SNCF mercredi.<\/p>\n<p>\u00ab\u00a0Les ventes TGV inOui, Ouigo et Intercit\u00e9s sont suspendues pour les 5, 6, 7 et 8 d\u00e9cembre. Les trains sont ferm\u00e9s \u00e0 la vente et affich\u00e9s +complets+, ceci pour permettre aux clients d\u00e9j\u00e0 dot\u00e9s d\u2019un billet pour les 5, 6, 7 et 8 d\u00e9cembre et dont le train ne circulera pas, de b\u00e9n\u00e9ficier de la +souplesse d\u2019acc\u00e8s+ sur un train dont la circulation est assur\u00e9e, sans garantie de place assise\u00a0\u00bb, a expliqu\u00e9 un porte-parole \u00e0 l\u2019AFP.<\/p>\n<p>Sur les sites de r\u00e9servation, les trains sont affich\u00e9s complets, comme ils l\u2019avaient \u00e9t\u00e9 par exemple avant la grande gr\u00e8ve des cheminots du printemps 2018.<\/p>\n<p>\u00ab\u00a0Les organisations repr\u00e9sentatives se sont lanc\u00e9es dans des pr\u00e9avis (de gr\u00e8ve) \u00e0 partir du 5. On s\u2019attend \u00e0 un mouvement qui sera suivi. Donc (\u2026) nous prenons quelques pr\u00e9cautions\u00a0\u00bb, a comment\u00e9 le nouveau patron de la SNCF, Jean-Pierre Farandou, en marge d\u2019une visite du secr\u00e9taire d\u2019Etat aux Transports Jean-Baptiste Djebbari mercredi soir \u00e0 Asni\u00e8res (Hauts-de-Seine).<\/p>\n<p>\u00ab\u00a0On r\u00e9\u00e9valuera la situation en d\u00e9but de semaine, et on affinera les choses deux jours avant puisque nous aurons alors toutes les d\u00e9clarations des agents qui entendent faire gr\u00e8ve\u00a0\u00bb, a-t-il ajout\u00e9 \u00e0 des journalistes.<\/p>\n<p>\u00ab\u00a0Vous savez qu\u2019\u00e0 la SNCF quand on s\u2019engage sur des trains on veut \u00eatre s\u00fbrs qu\u2019ils roulent. Nous estimons qu\u2019\u00e0 ce stade il ne faut pas monter trop vite en puissance sur l\u2019offre que nous ferons le 5 d\u00e9cembre. On sait que le mouvement sera suivi, on ne sait pas encore \u00e0 quel point\u00a0\u00bb, a estim\u00e9 M. Farandou.<\/p>\n<p>\u00ab\u00a0Donc par mesure de pr\u00e9caution, nous avan\u00e7ons tr\u00e8s progressivement dans l\u2019annonce des trains qui rouleront.\u00a0\u00bb<\/p>\n<p>A partir du 3 d\u00e9cembre, la SNCF fera chaque jour \u00e0 17H00 un point pr\u00e9cis sur les perturbations des deux jours \u00e0 venir pour les trains TGV inOui, Ouigo et Intercit\u00e9s afin que les clients puissent s\u2019organiser, a pr\u00e9cis\u00e9 l\u2019entreprise.<\/p>\n<p>Cette information sera disponible sur tous les canaux: les applications L\u2019Assistant SNCF et Oui.sncf et les sites sncf.com et oui.sncf, a-t-on ajout\u00e9.<\/p>\n<p>Les clients ayant communiqu\u00e9 leurs coordonn\u00e9es seront recontact\u00e9s par sms pour les informer de la circulation de leur train, selon la SNCF.<\/p>\n<p>\u00ab\u00a0Pour les voyages TGV en France et Intercit\u00e9s du 5 au 9 d\u00e9cembre, nos clients pourront \u00e9changer leur billet de train ou faire une demande de remboursement sans frais ni surco\u00fbt, y compris pour des tarifs non \u00e9changeables\/ non remboursables, avant d\u00e9part\u00a0\u00bb, a pr\u00e9cis\u00e9 la SNCF.<\/p>\n<p>Des syndicats de la RATP et de la SNCF ont annonc\u00e9 une gr\u00e8ve reconductible le 5 d\u00e9cembre, jour de mobilisation nationale contre la r\u00e9forme des retraites. Ils ont \u00e9t\u00e9 rejoints par l\u2019intersyndicale CGT, FO, FSU et Solidaires pour une gr\u00e8ve interprofessionnelle, puis par des organisations d\u2019Air France, d\u2019EDF, et d\u2019avocats.<\/p>\n<\/div>\n<p>Auteur: AFP<br \/>\n<a href=\"https:\/\/www.journalducameroun.com\/greve-la-sncf-ferme-a-la-vente-les-billets-du-5-au-8-decembre\/\">Cliquez ici pour lire l&rsquo;article depuis sa source.<\/a><\/p>\n","protected":false},"excerpt":{"rendered":"<p>Publi\u00e9 le 27.11.2019 \u00e0 22h50 par AFP Les billets TGV inOui, Ouigo et Intercit\u00e9s sont ferm\u00e9s \u00e0 la vente du 5 au 8 d\u00e9cembre pour favoriser les clients qui ont d\u00e9j\u00e0 un billet et dont les trains pourraient \u00eatre annul\u00e9s \u00e0 cause de la gr\u00e8ve contre la r\u00e9forme des retraites, a indiqu\u00e9 la SNCF mercredi. [&hellip;]<\/p>\n","protected":false},"author":1965,"featured_media":0,"comment_status":"closed","ping_status":"closed","sticky":false,"template":"","format":"standard","meta":{"fifu_image_url":"","fifu_image_alt":"","footnotes":""},"categories":[73,82],"tags":[],"class_list":["post-68741","post","type-post","status-publish","format-standard","hentry","category-actualite","category-cameroun"],"_links":{"self":[{"href":"https:\/\/linitiative.ca\/International\/wp-json\/wp\/v2\/posts\/68741","targetHints":{"allow":["GET"]}}],"collection":[{"href":"https:\/\/linitiative.ca\/International\/wp-json\/wp\/v2\/posts"}],"about":[{"href":"https:\/\/linitiative.ca\/International\/wp-json\/wp\/v2\/types\/post"}],"author":[{"embeddable":true,"href":"https:\/\/linitiative.ca\/International\/wp-json\/wp\/v2\/users\/1965"}],"replies":[{"embeddable":true,"href":"https:\/\/linitiative.ca\/International\/wp-json\/wp\/v2\/comments?post=68741"}],"version-history":[{"count":0,"href":"https:\/\/linitiative.ca\/International\/wp-json\/wp\/v2\/posts\/68741\/revisions"}],"wp:attachment":[{"href":"https:\/\/linitiative.ca\/International\/wp-json\/wp\/v2\/media?parent=68741"}],"wp:term":[{"taxonomy":"category","embeddable":true,"href":"https:\/\/linitiative.ca\/International\/wp-json\/wp\/v2\/categories?post=68741"},{"taxonomy":"post_tag","embeddable":true,"href":"https:\/\/linitiative.ca\/International\/wp-json\/wp\/v2\/tags?post=68741"}],"curies":[{"name":"wp","href":"https:\/\/api.w.org\/{rel}","templated":true}]}}