{"id":68742,"date":"2019-11-27T16:50:05","date_gmt":"2019-11-27T21:50:05","guid":{"rendered":"https:\/\/linitiative.ca\/International\/la-colombie-au-7e-jour-de-manifestations-avec-une-nouvelle-greve-peu-suivie\/"},"modified":"2019-11-27T16:50:05","modified_gmt":"2019-11-27T21:50:05","slug":"la-colombie-au-7e-jour-de-manifestations-avec-une-nouvelle-greve-peu-suivie","status":"publish","type":"post","link":"https:\/\/linitiative.ca\/International\/la-colombie-au-7e-jour-de-manifestations-avec-une-nouvelle-greve-peu-suivie\/","title":{"rendered":"La Colombie au 7e jour de manifestations avec une nouvelle gr\u00e8ve peu suivie"},"content":{"rendered":"<p>Une nouvelle gr\u00e8ve \u00e9tait convoqu\u00e9e mercredi en Colombie, au septi\u00e8me jour d\u2019un mouvement social qui a inhabituellement rempli les rues de manifestants contre la gestion du pr\u00e9sident de droite Ivan Duque.<\/p>\n<p>Par ce deuxi\u00e8me \u00ab\u00a0arr\u00eat national\u00a0\u00bb en moins une semaine, les leaders de la mobilisation veulent accro\u00eetre la pression sur le chef de l\u2019Etat, au pouvoir depuis \u00e0 peine plus de 15 mois.<\/p>\n<p>Plusieurs marches et blocages \u00e9taient pr\u00e9vus dans le pays. Mais la gr\u00e8ve semblait peu suivie \u00e0 Bogota, pourtant \u00e9picentre du mouvement social le plus important en Colombie depuis les ann\u00e9es 1970.<\/p>\n<p>Parfois sous surveillance polici\u00e8re, commerces et transports urbains \u00e9taient r\u00e9duits, mais pas paralys\u00e9s.<\/p>\n<p>Au son des casseroles, des manifestants se rassemblaient en diff\u00e9rents lieux, ainsi qu\u2019\u00e0 Medellin et \u00e0 Cali, deuxi\u00e8me et troisi\u00e8me villes de Colombie.<\/p>\n<p>Beaucoup brandissaient des pancartes, arboraient le drapeau national jaune, bleu et rouge en guise de cape, ou s\u2019\u00e9taient d\u00e9guis\u00e9s pour d\u00e9noncer les politiques de M. Duque.<\/p>\n<p>\u2013 Pour la justice sociale \u2013<\/p>\n<p>\u00ab\u00a0Nous sommes indign\u00e9s de tant de maltraitance et de tant de corruption. Je suis d\u00e9guis\u00e9 en clown parce que c\u2019est ainsi que nous consid\u00e8re le gouvernement (\u2026) Nous voulons justice sociale, \u00e9ducation, \u00e9quit\u00e9, que le gouvernement regarde vers le bas, pas vers le haut\u00a0\u00bb, a d\u00e9clar\u00e9 \u00e0 l\u2019AFP David Martinez, un fonctionnaire de 50 ans.<\/p>\n<p>Si les manifestations sont majoritairement pacifiques, elles ont toutefois fait quatre morts, environ 500 civils, policiers et militaires bless\u00e9s, outre 184 personnes d\u00e9tenues et 60 migrants v\u00e9n\u00e9zu\u00e9liens expuls\u00e9s pour \u00ab\u00a0actes de vandalisme\u00a0\u00bb depuis jeudi dernier.<\/p>\n<p>Cette mobilisation contre le pr\u00e9sident, au pouvoir depuis ao\u00fbt 2018, mais qui p\u00e2tit d\u00e9j\u00e0 de 69% d\u2019opinions d\u00e9favorables, intervient dans une climat de crises socio-politiques, sans d\u00e9nominateur commun, qui secouent l\u2019Am\u00e9rique latine.<\/p>\n<p>Contest\u00e9 pour sa politique \u00e9conomique lib\u00e9rale, M. Duque fait aussi les frais d\u2019un m\u00e9contentement accumul\u00e9 au fil des ann\u00e9es, dans ce pays parmi les plus in\u00e9galitaires d\u2019Am\u00e9rique latine, mais r\u00e9duit au silence par une guerre interne de plus d\u2019un demi-si\u00e8cle.<\/p>\n<p>Les Colombiens ne semblent plus craindre de protester, \u00e0 la faveur d\u2019une baisse d\u2019intensit\u00e9 du conflit dans certaines r\u00e9gions, dont les grandes villes, depuis la signature il y a trois ans de l\u2019accord de paix avec les Farc, la plus ancienne gu\u00e9rilla de la r\u00e9gion apparue en 1964.<\/p>\n<p>\u00ab\u00a0La Colombie s\u2019est convertie en une d\u00e9mocratie, o\u00f9 une minorit\u00e9 d\u2019entrepreneurs et de bureaucrates est favoris\u00e9e, tandis que la grande majorit\u00e9 doit financer leurs privil\u00e8ges\u00a0\u00bb, a d\u00e9nonc\u00e9 sur Twitter le syndicat des enseignants, Fecode, l\u2019un des plus actifs de la mobilisation.<\/p>\n<p>Depuis la premi\u00e8re gr\u00e8ve du 21 novembre, des milliers de personnes protestent chaque jour, en tapant sur des casseroles, des marmites ou des po\u00eales. Ces \u00ab\u00a0cacerolazos\u00a0\u00bb, courants d\u00e9filant ailleurs dans la r\u00e9gion, \u00e9taient jusque l\u00e0 peu usit\u00e9s dans ce pays.<\/p>\n<p>M. Duque a lanc\u00e9 dimanche un \u00ab\u00a0dialogue social\u00a0\u00bb. Mais il s\u2019est d\u2019abord r\u00e9uni avec des \u00e9lus, avant de rencontrer les leaders du mouvement, ce qui a discr\u00e9dit\u00e9 son initiative.<\/p>\n<p>\u2013 Signes d\u2019assouplissement \u2013<\/p>\n<p>\u00ab\u00a0Ce gouvernement est ouvert (\u2026) pour aller de l\u2019avant, mais il faut le faire avec toute la soci\u00e9t\u00e9\u00a0\u00bb, a-t-il argu\u00e9 mercredi sur W Radio, r\u00e9it\u00e9rant que nombre de revendications \u00e9taient issues d\u2019une campagne de d\u00e9sinformation et de \u00ab\u00a0postulats erron\u00e9s\u00a0\u00bb.<\/p>\n<p>Le Comit\u00e9 national de gr\u00e8ve, regroupant syndicats, \u00e9tudiants, professeurs et indig\u00e8nes, a pr\u00e9sent\u00e9 un \u00e9ventail de 13 requ\u00eates, allant du retrait d\u2019un projet de r\u00e9forme fiscale au respect de l\u2019accord de paix de 2016.<\/p>\n<p>Les manifestants r\u00e9clament aussi la dissolution de l\u2019Escadron mobile anti-troubles (Esmad) responsable de la mort d\u2019un \u00e9tudiant de 18 ans, Dilan Cruz, devenu le symbole de la mobilisation.<\/p>\n<p>M. Duque a admis que des affrontements pouvaient avoir des \u00ab\u00a0issues fatales\u00a0\u00bb, mais a d\u00e9fendu ces policiers qui, selon lui, ont \u00e9vit\u00e9 des \u00ab\u00a0choses pires\u00a0\u00bb face \u00e0 des \u00ab\u00a0vandales et voyous\u00a0\u00bb.<\/p>\n<p>Il a toutefois donn\u00e9 des signes d\u2019assouplissement, annon\u00e7ant mardi des rectificatifs \u00e0 son projet fiscal en faveur des 20% plus pauvres du pays, via le reversement de la TVA, et des b\u00e9n\u00e9fices pour les entreprises embauchant des jeunes de moins de 28 ans.<\/p>\n<p>\u00ab\u00a0La protestation doit se maintenir (\u2026) Le pr\u00e9sident ne r\u00e9pond pas \u00e0 ce que le peuple lui r\u00e9clame\u00a0\u00bb, estimait cependant Claudia Tobar, contrainte de travailler pour payer son universit\u00e9 apr\u00e8s trois refus de pr\u00eat, alors que la plupart des \u00e9tablissements d\u2019enseignement sont priv\u00e9s et chers.<\/p>\n<p>Auteur: AFP<br \/>\n<a href=\"https:\/\/www.journalducameroun.com\/la-colombie-au-7e-jour-de-manifestations-avec-une-nouvelle-greve-peu-suivie\/\">Cliquez ici pour lire l&rsquo;article depuis sa source.<\/a><\/p>\n","protected":false},"excerpt":{"rendered":"<p>Une nouvelle gr\u00e8ve \u00e9tait convoqu\u00e9e mercredi en Colombie, au septi\u00e8me jour d\u2019un mouvement social qui a inhabituellement rempli les rues de manifestants contre la gestion du pr\u00e9sident de droite Ivan Duque. Par ce deuxi\u00e8me \u00ab\u00a0arr\u00eat national\u00a0\u00bb en moins une semaine, les leaders de la mobilisation veulent accro\u00eetre la pression sur le chef de l\u2019Etat, au [&hellip;]<\/p>\n","protected":false},"author":1965,"featured_media":0,"comment_status":"closed","ping_status":"closed","sticky":false,"template":"","format":"standard","meta":{"fifu_image_url":"","fifu_image_alt":"","footnotes":""},"categories":[73,82],"tags":[],"class_list":["post-68742","post","type-post","status-publish","format-standard","hentry","category-actualite","category-cameroun"],"_links":{"self":[{"href":"https:\/\/linitiative.ca\/International\/wp-json\/wp\/v2\/posts\/68742","targetHints":{"allow":["GET"]}}],"collection":[{"href":"https:\/\/linitiative.ca\/International\/wp-json\/wp\/v2\/posts"}],"about":[{"href":"https:\/\/linitiative.ca\/International\/wp-json\/wp\/v2\/types\/post"}],"author":[{"embeddable":true,"href":"https:\/\/linitiative.ca\/International\/wp-json\/wp\/v2\/users\/1965"}],"replies":[{"embeddable":true,"href":"https:\/\/linitiative.ca\/International\/wp-json\/wp\/v2\/comments?post=68742"}],"version-history":[{"count":0,"href":"https:\/\/linitiative.ca\/International\/wp-json\/wp\/v2\/posts\/68742\/revisions"}],"wp:attachment":[{"href":"https:\/\/linitiative.ca\/International\/wp-json\/wp\/v2\/media?parent=68742"}],"wp:term":[{"taxonomy":"category","embeddable":true,"href":"https:\/\/linitiative.ca\/International\/wp-json\/wp\/v2\/categories?post=68742"},{"taxonomy":"post_tag","embeddable":true,"href":"https:\/\/linitiative.ca\/International\/wp-json\/wp\/v2\/tags?post=68742"}],"curies":[{"name":"wp","href":"https:\/\/api.w.org\/{rel}","templated":true}]}}