{"id":68750,"date":"2019-11-28T08:45:16","date_gmt":"2019-11-28T13:45:16","guid":{"rendered":"https:\/\/linitiative.ca\/International\/hicham-ayouch-lance-un-appel-a-vivre\/"},"modified":"2019-11-28T08:45:16","modified_gmt":"2019-11-28T13:45:16","slug":"hicham-ayouch-lance-un-appel-a-vivre","status":"publish","type":"post","link":"https:\/\/linitiative.ca\/International\/hicham-ayouch-lance-un-appel-a-vivre\/","title":{"rendered":"Hicham Ayouch lance un appel \u00e0 \u00abVivre\u00bb"},"content":{"rendered":"<p><img decoding=\"async\" class=\"post_layout_5_img\" src=\"http:\/\/aujourdhui.ma\/wp-content\/uploads\/2019\/11\/Hicham-Ayouch-lance-un-appel-a%CC%80-Vivre-.jpg?x29840\" alt=\"Hicham Ayouch lance un appel \u00e0 \u00abVivre\u00bb\"\/><\/p>\n<p class=\"p1\"><span class=\"c4\"><strong><span class=\"s1\">Il pr\u00e9pare un nouveau long m\u00e9trage et annonce la sortie de son premier\u00a0<\/span><span class=\"s1\">album le 5 d\u00e9cembre 2019<\/span><\/strong><\/span><span id=\"more-324939\"\/><\/p>\n<div class=\"base-box mom_box_sc_custom mom_box_sc clear c5\" readability=\"13\">\n<p class=\"p1\"><em><strong>Hicham Ayouch interpr\u00e8te ainsi ses propres textes, des po\u00e8mes d\u2019influence romantique o\u00f9 il \u00e9voque ses \u00e9tats d\u2019\u00e2me, ses r\u00e9voltes, ses joies, ses aspirations, ses r\u00eaves et ses combats.<\/strong><\/em><\/p>\n<\/div>\n<p class=\"p1\"><span class=\"s1\">Il est cin\u00e9aste mais \u00e9galement po\u00e8te et musicien. Hicham Ayouch, fr\u00e8re du r\u00e9alisateur Nabil Ayouch, est un artiste au bord du nerf et de la vie. Avec son groupe \u00abLes Barons de Baltimore\u00bb, il s\u2019appr\u00eate \u00e0 lancer son premier nouvel album musical intitul\u00e9 \u00abVivre\u00bb. <em>\u00abL\u2019album dont la sortie est pr\u00e9vue le 5 d\u00e9cembre contient dix morceaux. C\u2019est un m\u00e9lange entre la po\u00e9sie et la musique \u00e9lectronique\u00bb<\/em>, indique-t-il. Il faut dire que son groupe de musique est n\u00e9 en 2017 suite \u00e0 sa rencontre avec Amine Rharbi, musicien et compositeur. Les deux esprits s\u2019entendent tout de suite sur un plan artistique. Ils cr\u00e9ent un univers \u00e0 cheval entre leurs mondes respectifs, un endroit o\u00f9 les deux arts trouvent naturellement leurs places.<\/span><\/p>\n<p class=\"p1\"><span class=\"s1\">Hicham Ayouch interpr\u00e8te ainsi ses propres textes, des po\u00e8mes d\u2019influence romantique o\u00f9 il \u00e9voque ses \u00e9tats d\u2019\u00e2me, ses r\u00e9voltes, ses joies, ses aspirations, ses r\u00eaves et ses combats. <em>\u00abLa po\u00e9sie pour moi est une forme artistique o\u00f9 je peux exprimer tout ce qui se passe dans ma vie, dans mon c\u0153ur et dans ma t\u00eate\u00bb,<\/em> dit-il . Et d\u2019ajouter : <em>\u00abLes \u00eatres humains que je croise, le monde ext\u00e9rieur, la nature\u2026 tout cela m\u2019inspire\u00bb.<\/em> Si la tendance musicale est contemporaine et \u00e9lectronique, on retrouve aussi des influences Jazzy, Hip-Hop et africaines. Les rimes et les sons s\u2019entrem\u00ealent \u00e0 la chaleur de la voix, sa musique nous entra\u00eenant dans un voyage fait de po\u00e9sie et de pure \u00e9motion. <em>\u00abCet album est une forme d\u2019encouragement \u00e0 vivre. Il faut profiter des petits d\u00e9tails de la vie, le coucher du soleil, le sourire des gens qu\u2019on aime. Tout simplement, c\u2019est un appel \u00e0 vivre\u00bb,<\/em> exprime-t-il. Et pour c\u00e9l\u00e9brer la sortie de son album \u00abVivre\u00bb, l\u2019artiste pluridisciplinaire en compagnie d\u2019Amine Rharbi se produiront le 30 novembre \u00e0 l\u2019Espace Tabadoul \u00e0 Tanger et le 4 d\u00e9cembre au Comptoir des mines \u00e0 Marrakech. Outre la musique, Hicham Ayouch se penche sur les autres projets cin\u00e9matographiques. Il pr\u00e9pare d\u2019ailleurs un projet de long m\u00e9trage intitul\u00e9 \u00abAbdel Joao\u00bb. <em>\u00abJ\u2019ai re\u00e7u une avance sur recette l\u2019ann\u00e9e derni\u00e8re pour r\u00e9aliser ce film.<\/em><\/span><\/p>\n<p class=\"p1\"><span class=\"s1\"><em>Actuellement, je suis en train de chercher le reste de son financement, notamment en Europe\u00bb,<\/em> explique-t-il. Selon lui, c\u2019est un film qui parle de la libert\u00e9 de r\u00eaver. Outre ce film, Hicham Ayouch pr\u00e9pare une s\u00e9rie t\u00e9l\u00e9vis\u00e9e avec des Am\u00e9ricains.<span class=\"Apple-converted-space\">\u00a0<\/span> De plus, il \u00e9crit un autre sc\u00e9nario et pr\u00e9pare \u00e9galement un roman. Jusqu\u2019\u00e0 pr\u00e9sent, le jeune cin\u00e9aste a r\u00e9alis\u00e9 plusieurs documentaires, deux courts m\u00e9trages et trois longs m\u00e9trages. La plupart du temps, il co-\u00e9crit son sc\u00e9nario, l\u2019\u00e9criture est donc une partie int\u00e9grante de sa vie.<\/span><\/p>\n<p>Auteur: Siham Jadraoui<br \/>\n<a href=\"http:\/\/aujourdhui.ma\/culture\/hicham-ayouch-lance-un-appel-a-vivre\">Cliquez ici pour lire l&rsquo;article depuis sa source.<\/a><\/p>\n","protected":false},"excerpt":{"rendered":"<p>Il pr\u00e9pare un nouveau long m\u00e9trage et annonce la sortie de son premier\u00a0album le 5 d\u00e9cembre 2019 Hicham Ayouch interpr\u00e8te ainsi ses propres textes, des po\u00e8mes d\u2019influence romantique o\u00f9 il \u00e9voque ses \u00e9tats d\u2019\u00e2me, ses r\u00e9voltes, ses joies, ses aspirations, ses r\u00eaves et ses combats. Il est cin\u00e9aste mais \u00e9galement po\u00e8te et musicien. Hicham Ayouch, [&hellip;]<\/p>\n","protected":false},"author":1759,"featured_media":0,"comment_status":"closed","ping_status":"closed","sticky":false,"template":"","format":"standard","meta":{"fifu_image_url":"","fifu_image_alt":"","footnotes":""},"categories":[73,54],"tags":[],"class_list":["post-68750","post","type-post","status-publish","format-standard","hentry","category-actualite","category-maroc"],"_links":{"self":[{"href":"https:\/\/linitiative.ca\/International\/wp-json\/wp\/v2\/posts\/68750","targetHints":{"allow":["GET"]}}],"collection":[{"href":"https:\/\/linitiative.ca\/International\/wp-json\/wp\/v2\/posts"}],"about":[{"href":"https:\/\/linitiative.ca\/International\/wp-json\/wp\/v2\/types\/post"}],"author":[{"embeddable":true,"href":"https:\/\/linitiative.ca\/International\/wp-json\/wp\/v2\/users\/1759"}],"replies":[{"embeddable":true,"href":"https:\/\/linitiative.ca\/International\/wp-json\/wp\/v2\/comments?post=68750"}],"version-history":[{"count":0,"href":"https:\/\/linitiative.ca\/International\/wp-json\/wp\/v2\/posts\/68750\/revisions"}],"wp:attachment":[{"href":"https:\/\/linitiative.ca\/International\/wp-json\/wp\/v2\/media?parent=68750"}],"wp:term":[{"taxonomy":"category","embeddable":true,"href":"https:\/\/linitiative.ca\/International\/wp-json\/wp\/v2\/categories?post=68750"},{"taxonomy":"post_tag","embeddable":true,"href":"https:\/\/linitiative.ca\/International\/wp-json\/wp\/v2\/tags?post=68750"}],"curies":[{"name":"wp","href":"https:\/\/api.w.org\/{rel}","templated":true}]}}