{"id":68752,"date":"2019-11-28T09:45:32","date_gmt":"2019-11-28T14:45:32","guid":{"rendered":"https:\/\/linitiative.ca\/International\/travail-des-enfants-insaf-salarme-du-maigre-bilan-de-la-loi-19-12\/"},"modified":"2019-11-28T09:45:32","modified_gmt":"2019-11-28T14:45:32","slug":"travail-des-enfants-insaf-salarme-du-maigre-bilan-de-la-loi-19-12","status":"publish","type":"post","link":"https:\/\/linitiative.ca\/International\/travail-des-enfants-insaf-salarme-du-maigre-bilan-de-la-loi-19-12\/","title":{"rendered":"Travail des enfants : Insaf s\u2019alarme du maigre  bilan de la loi 19-12"},"content":{"rendered":"<p><img decoding=\"async\" class=\"post_layout_5_img\" src=\"http:\/\/aujourdhui.ma\/wp-content\/uploads\/2016\/05\/Petite-bonne-du-Maroc.jpg?x29840\" alt=\"Travail des enfants : Insaf s\u2019alarme du maigre bilan de la loi 19-12\"\/><\/p>\n<p class=\"p1\"><span class=\"c5\"><strong><span class=\"c4\"><em>Elle vient de lancer un spot choc intitul\u00e9 \u00abArrestations\u00bb<\/em><\/span><\/strong><\/span> <span id=\"more-324917\"\/><\/p>\n<p class=\"p1\"><span class=\"s1\">Le travail des enfants persiste et touche encore des dizaines de milliers d\u2019enfants au Maroc.<span class=\"Apple-converted-space\">\u00a0<\/span> En 2018, sur les 7.049.000 enfants \u00e2g\u00e9s de 7 \u00e0 17 ans, 247.000 exer\u00e7aient encore un travail, selon l\u2019enqu\u00eate nationale sur l\u2019emploi du Haut-Commissariat au Plan (HCP), 162.000 fournissent un travail dangereux. Il faut aussi noter que 45.000 enfants travaillent dans les villes, soit 1% de l\u2019ensemble des enfants citadins. Pour sensibiliser davantage les citoyens au travail des petites bonnes et l\u2019exploitation des enfants, l\u2019association Insaf a lanc\u00e9 un spot choc intitul\u00e9 \u00abArrestations\u00bb.<\/span><\/p>\n<p class=\"p1\"><span class=\"s1\">R\u00e9alis\u00e9 avec la collaboration de l\u2019agence 109, le film a \u00e9t\u00e9 projet\u00e9 le mardi 26 novembre \u00e0 Casablanca, en pr\u00e9sence de la repr\u00e9sentante au Maroc de l\u2019Unicef et des hauts responsables nationaux de l\u2019Education nationale, de l\u2019Emploi et de la Solidarit\u00e9. Tous les participants ont partag\u00e9, au m\u00eame moment, ce spot sur les r\u00e9seaux sociaux, invitant chacun et chacune d\u2019entre nous \u00e0 le diffuser \u00e0 leur tour et d\u2019\u00eatre ainsi les maillons d\u2019une longue cha\u00eene d\u2019information et de sensibilisation qui vise \u00e0 d\u00e9noncer un crime contre l\u2019enfance et<span class=\"Apple-converted-space\">\u00a0<\/span> \u00e0 \u00e9radiquer cette pratique indigne. L\u2019association Insaf<span class=\"Apple-converted-space\">\u00a0<\/span> estime que depuis la promulgation de la loi 19-12 qui rend l\u2019emploi d\u2019une petite bonne mineure passible de prison, peu de choses ont chang\u00e9. <em>\u00abMalgr\u00e9 des campagnes de communication et d\u2019information sur les peines encourues, les r\u00e9sultats sont maigres, les poursuites aussi\u00bb<\/em>, d\u00e9plore l\u2019association. Selon l\u2019ONG, l\u2019outil l\u00e9gislatif a montr\u00e9 ses limites et ses insuffisances.<\/span><\/p>\n<p class=\"p1\"><span class=\"s1\">A commencer par le fait que<span class=\"Apple-converted-space\">\u00a0<\/span> les inspecteurs du travail et les assistances sociales n\u2019ont pas acc\u00e8s \u00e0 l\u2019int\u00e9rieur des maisons pour v\u00e9rifier que les employ\u00e9(es) de maison sont bien majeurs. Le second a trait au faible nombre d\u2019inspecteurs du travail, ce qui ne permet pas d\u2019\u00e9tablir un contr\u00f4le efficace. Enfin, les employ\u00e9s mineurs, bien que sensibilis\u00e9s \u00e0 leurs droits, ont<span class=\"Apple-converted-space\">\u00a0<\/span> encore beaucoup de mal \u00e0 d\u00e9noncer leur employeur en cas de non-respect de la loi ou<span class=\"Apple-converted-space\">\u00a0<\/span> de maltraitance. Insaf \u0153uvre aussi \u00e0 offrir aux petites bonnes sorties de la maison o\u00f9 elles travaillaient les moyens de se forger un avenir. L\u2019association a<span class=\"Apple-converted-space\">\u00a0<\/span> accompagn\u00e9<span class=\"Apple-converted-space\">\u00a0<\/span> jusqu\u2019\u00e0 pr\u00e9sent 545 filles dans leur parcours scolaire et 32 sont aujourd\u2019hui bacheli\u00e8res.<\/span><\/p>\n<p class=\"p1\"><span class=\"s1\">202 sont actuellement prises en charge : 105 \u00e0 Chichaoua, 43 \u00e0 Kelaa des Sraghnas, 54 dans la province d\u2019El Haouz. <span class=\"Apple-converted-space\">\u00a0<\/span> 126 d\u2019entre elles sont suivies dans le cadre du programme de lutte contre le travail des enfants et suivent un cycle coll\u00e9gial secondaire. Une cinquantaine vivant dans des localit\u00e9s tr\u00e8s enclav\u00e9es, ont \u00e9t\u00e9 plac\u00e9es dans des foyers d\u2019h\u00e9bergement, dont Dar Insaf, situ\u00e9e dans la province d\u2019El Haouz.<span class=\"Apple-converted-space\">\u00a0<\/span> Enfin 25 jeunes filles ont \u00e9t\u00e9 orient\u00e9es vers des programmes de formation professionnelle.<\/span><\/p>\n<p>Auteur: Laila Zerrour<br \/>\n<a href=\"http:\/\/aujourdhui.ma\/societe\/travail-des-enfants-insaf-salarme-du-maigre-bilan-de-la-loi-19-12\">Cliquez ici pour lire l&rsquo;article depuis sa source.<\/a><\/p>\n","protected":false},"excerpt":{"rendered":"<p>Elle vient de lancer un spot choc intitul\u00e9 \u00abArrestations\u00bb Le travail des enfants persiste et touche encore des dizaines de milliers d\u2019enfants au Maroc.\u00a0 En 2018, sur les 7.049.000 enfants \u00e2g\u00e9s de 7 \u00e0 17 ans, 247.000 exer\u00e7aient encore un travail, selon l\u2019enqu\u00eate nationale sur l\u2019emploi du Haut-Commissariat au Plan (HCP), 162.000 fournissent un travail [&hellip;]<\/p>\n","protected":false},"author":1759,"featured_media":0,"comment_status":"closed","ping_status":"closed","sticky":false,"template":"","format":"standard","meta":{"fifu_image_url":"","fifu_image_alt":"","footnotes":""},"categories":[73,54],"tags":[],"class_list":["post-68752","post","type-post","status-publish","format-standard","hentry","category-actualite","category-maroc"],"_links":{"self":[{"href":"https:\/\/linitiative.ca\/International\/wp-json\/wp\/v2\/posts\/68752","targetHints":{"allow":["GET"]}}],"collection":[{"href":"https:\/\/linitiative.ca\/International\/wp-json\/wp\/v2\/posts"}],"about":[{"href":"https:\/\/linitiative.ca\/International\/wp-json\/wp\/v2\/types\/post"}],"author":[{"embeddable":true,"href":"https:\/\/linitiative.ca\/International\/wp-json\/wp\/v2\/users\/1759"}],"replies":[{"embeddable":true,"href":"https:\/\/linitiative.ca\/International\/wp-json\/wp\/v2\/comments?post=68752"}],"version-history":[{"count":0,"href":"https:\/\/linitiative.ca\/International\/wp-json\/wp\/v2\/posts\/68752\/revisions"}],"wp:attachment":[{"href":"https:\/\/linitiative.ca\/International\/wp-json\/wp\/v2\/media?parent=68752"}],"wp:term":[{"taxonomy":"category","embeddable":true,"href":"https:\/\/linitiative.ca\/International\/wp-json\/wp\/v2\/categories?post=68752"},{"taxonomy":"post_tag","embeddable":true,"href":"https:\/\/linitiative.ca\/International\/wp-json\/wp\/v2\/tags?post=68752"}],"curies":[{"name":"wp","href":"https:\/\/api.w.org\/{rel}","templated":true}]}}