{"id":68754,"date":"2019-11-28T04:57:26","date_gmt":"2019-11-28T09:57:26","guid":{"rendered":"https:\/\/linitiative.ca\/International\/formation-medicale-continue\/"},"modified":"2019-11-28T04:57:26","modified_gmt":"2019-11-28T09:57:26","slug":"formation-medicale-continue","status":"publish","type":"post","link":"https:\/\/linitiative.ca\/International\/formation-medicale-continue\/","title":{"rendered":"Formation m\u00e9dicale continue"},"content":{"rendered":"<p class=\"has-text-color has-vivid-red-color c2\"><strong>Une obligation d\u00e9ontologique et morale<\/strong><\/p>\n<p class=\"has-text-color has-vivid-cyan-blue-color\"><strong>Soulever la question de la formation continue dans le domaine de la m\u00e9dicale, nous parait tr\u00e8s important et essentiel pour une profession dont les \u00e9tudes durent 7 voire 8 ans, et m\u00eame 12 ou 14 ans pour certaines sp\u00e9cialit\u00e9s pointues. Il est \u00e9vident que ce sont de longues \u00e9tudes, difficiles et \u00e9reintantes, ce qui demande \u00e9norm\u00e9ment de patience, de sacrifices, de s\u00e9rieux et de mise \u00e0 jour constante.<\/strong><\/p>\n<p>Une situation qui en d\u00e9courage plus d\u2019un, et certains finissent m\u00eame par abandonner au bout d\u2019une, deux ou trois ans d\u2019\u00e9tudes.<\/p>\n<p>Pour les autres qui r\u00e9ussissent \u00e0 franchir le cap, c\u2019est-\u00e0-dire les meilleurs, les plus aptes, ils deviennent effectivement m\u00e9decins, dans la tr\u00e8s grande majorit\u00e9 des cas. Apr\u00e8s avoir soutenu leur th\u00e8se de doctorat en \u00a0m\u00e9decine, ils estiment que le savoir m\u00e9dical s\u2019arr\u00eate avec l\u2019obtention du dipl\u00f4me.<\/p>\n<p>Ce qui est totalement faux, car aujourd\u2019hui plus qu\u2019en tout autre temps, la m\u00e9decine r\u00e9alise chaque jour des progr\u00e8s extraordinaires dans tous les domaines, aussi bien diagnostic, th\u00e9rapeutique , technologique\u2026<\/p>\n<p>Un m\u00e9decin qui ne tient pas compte de cette r\u00e9alit\u00e9 sera tr\u00e8s vite d\u00e9pass\u00e9 par les \u00e9v\u00e8nements, car les progr\u00e8s de la science m\u00e9dicale font qu\u2019un enseignement de base est p\u00e9rim\u00e9 au bout de 5 ans.<\/p>\n<p>C\u2019est justement ce qui justifie la n\u00e9cessit\u00e9 d\u2019\u00eatre constamment \u00e0 jour, de savoir ce qui se passe ailleurs sous d\u2019autres cieux, qu\u2019elles sont les nouveaut\u00e9s, les protocoles,\u00a0 les techniques, les mol\u00e9cules innovantes\u2026<\/p>\n<p><strong>La voie de l\u2019excellence<\/strong><\/p>\n<p>En recevant un jour le comit\u00e9 d\u2019\u00e9thique fran\u00e7ais, le pr\u00e9sident Fran\u00e7ois Mitterrand d\u00e9clara : \u00abmessieurs, la m\u00e9decine avance plus vite que l\u2019Homme\u00bb.<\/p>\n<p>Aucune formation n\u2019assure une comp\u00e9tence pour une vie enti\u00e8re. Les m\u00e9decins quels que soient leurs modes d\u2019exercice ou leurs sp\u00e9cialit\u00e9s ont le devoir d\u00e9ontologique de se former et d\u2019\u00e9valuer leurs pratiques.<\/p>\n<p>Aujourd\u2019hui, l\u2019\u00e9volution de la pratique m\u00e9dicale est quasi quotidienne et est de plus en plus rapide avec tous les moyens de communication.<\/p>\n<p>Un praticien consciencieux, qui aime son m\u00e9tier, qui a \u00e0 c\u0153ur la sant\u00e9 de ses patients, et qui cherche toujours \u00e0 am\u00e9liorer sa performance clinique, doit rester au fait des nouveaut\u00e9s m\u00e9dicales en participant \u00e0 des actions de formation m\u00e9dicale continue.\u00a0 Il n\u2019y a pas d\u2019autres voies ou solutions pour exceller et aller de l\u2019avant dans un domaine aussi essentiel que la pratique de la m\u00e9decine.<\/p>\n<p><strong>Facteur d\u2019\u00e9volution et d\u2019adaptation des professionnels<\/strong><\/p>\n<p>La formation m\u00e9dicale continue (FMC) est la solution idoine. Il faut s\u2019impliquer et se l\u2019approprier car elle a pour objectif de lui permettre de garder sa place privil\u00e9gi\u00e9e de responsable fiable de la sant\u00e9 des autres.<br \/>Aucune formation n\u2019assure une comp\u00e9tence pour une vie enti\u00e8re.<br \/>La FMC dans quelque domaine que ce soit a pour finalit\u00e9 l\u2019am\u00e9lioration des comp\u00e9tences et des comportements professionnels en exercice par la modification des comp\u00e9tences et comportements acquis ou par l\u2019acquisition de nouvelles comp\u00e9tences, de nouveaux comportements, rendus n\u00e9cessaires par l\u2019\u00e9volution des taches du fait des progr\u00e8s techniques d\u2019une part, et de la modification des r\u00f4les des professionnels au sein de leur niveau social, d\u2019autre part. La FMC est un facteur d\u2019\u00e9volution et d\u2019adaptation des professionnels. On sait aussi que la FMC doit \u00eatre pr\u00e9par\u00e9e pendant la formation m\u00e9dicale de base. On ne peut parler de FMC sans une solide formation initiale.<\/p>\n<p><strong>Obligatoire et payante<\/strong><\/p>\n<p>Au Maroc, la FMC est laiss\u00e9e au libre choix de chaque m\u00e9decin. Sous d\u2019autres cieux, la FMC est obligatoire et payante. Que l\u2019on se rassure tout de suite, il n\u2019est pas question ici du Maroc, mais de la\u00a0<a href=\"https:\/\/www.maghress.com\/fr\/city\/France\">France<\/a>\u00a0o\u00f9 la FMC est une obligation. La Formation M\u00e9dicale Continue (FMC) est devenue obligatoire par l\u2019ordonnance d\u2019Alain Jupp\u00e9 en 1996. Elle a \u00e9t\u00e9 \u00e9largie aux m\u00e9decins salari\u00e9s et hospitaliers en 2002 par Bernard Kouchner. Aujourd\u2019hui, tous les m\u00e9decins en activit\u00e9, quel que soit leur mode d\u2019exercice : lib\u00e9ral, salari\u00e9, hospitalier, sont soumis \u00e0 l\u2019obligation de FMC. Depuis ao\u00fbt 2004, les m\u00e9decins ont une double obligation, non seulement de FMC, mais aussi d\u2019\u00e9valuation des pratiques professionnelles (EPP). C\u2019est la m\u00eame chose en Italie, au Qu\u00e9bec, en Suisse, aux USA\u2026<\/p>\n<p>Il ne fait aucun doute que la FMC est un plus, que son importance est reconnue par tous les m\u00e9decins, car elle est un \u00e9l\u00e9ment essentiel de la responsabilit\u00e9 \u00e9thique de chaque praticien. La formation m\u00e9dicale continue constitue de ce fait une priorit\u00e9 pour notre pays. Son obligation doit faire l\u2019objet d\u2019un d\u00e9bat s\u00e9rieux, sinc\u00e8re, honn\u00eate et responsable. Elle permettra aux praticiens un recyclage de leurs connaissances afin de garantir une qualit\u00e9 de soins d\u2019autant plus que l\u2019information m\u00e9dicale \u00e9volue et devient obsol\u00e8te au bout de cinq ans.<\/p>\n<p class=\"c3\"><strong>Ouardirhi Abdelaziz<\/strong><\/p>\n<p>Auteur: M&rsquo;hammed rahal<br \/>\n<a href=\"http:\/\/albayane.press.ma\/formation-medicale-continue.html\">Cliquez ici pour lire l&rsquo;article depuis sa source.<\/a><\/p>\n","protected":false},"excerpt":{"rendered":"<p>Une obligation d\u00e9ontologique et morale Soulever la question de la formation continue dans le domaine de la m\u00e9dicale, nous parait tr\u00e8s important et essentiel pour une profession dont les \u00e9tudes durent 7 voire 8 ans, et m\u00eame 12 ou 14 ans pour certaines sp\u00e9cialit\u00e9s pointues. Il est \u00e9vident que ce sont de longues \u00e9tudes, difficiles [&hellip;]<\/p>\n","protected":false},"author":1760,"featured_media":0,"comment_status":"closed","ping_status":"closed","sticky":false,"template":"","format":"standard","meta":{"fifu_image_url":"","fifu_image_alt":"","footnotes":""},"categories":[73,54],"tags":[],"class_list":["post-68754","post","type-post","status-publish","format-standard","hentry","category-actualite","category-maroc"],"_links":{"self":[{"href":"https:\/\/linitiative.ca\/International\/wp-json\/wp\/v2\/posts\/68754","targetHints":{"allow":["GET"]}}],"collection":[{"href":"https:\/\/linitiative.ca\/International\/wp-json\/wp\/v2\/posts"}],"about":[{"href":"https:\/\/linitiative.ca\/International\/wp-json\/wp\/v2\/types\/post"}],"author":[{"embeddable":true,"href":"https:\/\/linitiative.ca\/International\/wp-json\/wp\/v2\/users\/1760"}],"replies":[{"embeddable":true,"href":"https:\/\/linitiative.ca\/International\/wp-json\/wp\/v2\/comments?post=68754"}],"version-history":[{"count":0,"href":"https:\/\/linitiative.ca\/International\/wp-json\/wp\/v2\/posts\/68754\/revisions"}],"wp:attachment":[{"href":"https:\/\/linitiative.ca\/International\/wp-json\/wp\/v2\/media?parent=68754"}],"wp:term":[{"taxonomy":"category","embeddable":true,"href":"https:\/\/linitiative.ca\/International\/wp-json\/wp\/v2\/categories?post=68754"},{"taxonomy":"post_tag","embeddable":true,"href":"https:\/\/linitiative.ca\/International\/wp-json\/wp\/v2\/tags?post=68754"}],"curies":[{"name":"wp","href":"https:\/\/api.w.org\/{rel}","templated":true}]}}