{"id":68757,"date":"2019-11-28T05:24:54","date_gmt":"2019-11-28T10:24:54","guid":{"rendered":"https:\/\/linitiative.ca\/International\/silence-on-violente\/"},"modified":"2019-11-28T05:24:54","modified_gmt":"2019-11-28T10:24:54","slug":"silence-on-violente","status":"publish","type":"post","link":"https:\/\/linitiative.ca\/International\/silence-on-violente\/","title":{"rendered":"Silence, on \u00abviolente\u00bb!"},"content":{"rendered":"<p class=\"has-text-color has-vivid-cyan-blue-color\"><strong>Triste r\u00e9alit\u00e9 ! La violence \u00e0 l\u2019\u00e9gard des femmes s\u2019accroche ! Le mal gangr\u00e8ne. Les m\u00e9canismes, les dispositifs, les programmes, les lois\u2026 s\u2019accumulent.<\/strong><\/p>\n<p>Mais sans pour autant d\u00e9raciner ce mal. Les campagnes de sensibilisation restent lettre morte. Rien ne parvient \u00e0 r\u00e9sorber ce fl\u00e9au, consid\u00e9r\u00e9 comme l\u2019un des plus r\u00e9pandus dans le monde ! Devant l\u2019ampleur de ce ph\u00e9nom\u00e8ne, les statistiques font dire \u00e0 l\u2019ONU que les violences \u00e0 l\u2019\u00e9gard de la femme tuent aussi brutalement que le cancer.<\/p>\n<p>Au Maroc, l\u2019association \u00abInjad\u00bb et \u00abFemmes solidaires\u00bb r\u00e9v\u00e8lent que plus de 122.000 femmes ont d\u00e9clar\u00e9es avoir \u00e9t\u00e9 victimes de violence en 2018. Du moins, celles qui ont eu le courage de le faire. Les chiffres pourraient \u00eatre plus importants. Mais ceux pr\u00e9sent\u00e9s, m\u00eame s\u2019ils ne sont pas exhaustifs, montrent que le ph\u00e9nom\u00e8ne au lieu de disparaitre, s\u2019accroit davantage.<\/p>\n<p>En 2017, 10.959 Marocaines d\u00e9claraient avoir \u00e9t\u00e9 violent\u00e9es, soit 1000 femmes de moins qu\u2019en 2018. Pourquoi la violence contre les femmes s\u2019amplifie-t-elle dans la soci\u00e9t\u00e9 marocaine ? Pourquoi ne disparait-elle pas, eu \u00e9gard aux campagnes de sensibilisation, aux multiples lois et dispositifs ? Mais comment le pourrait-elle d\u2019ailleurs, est-on tent\u00e9 de demander, quand la soci\u00e9t\u00e9 est indiff\u00e9rente? Une femme qui se fait battre dans la rue par son mari, un homme, au vu et au su de tous, sans que personne ne r\u00e9agisse!<\/p>\n<p>Aucun secours \u00e0 sa personne ! Aucune aide ! M\u00eame devant la violence des gestes, les insultes de cet homme\u2026 aucun secours n\u2019est port\u00e9 \u00e0 cette femme, sous pr\u00e9texte que c\u2019est son mari et qu\u2019on ne peut intervenir. Un silence, une indiff\u00e9rence qui cautionne ouvertement la violence contre la femme. Une violence \u00abl\u00e9gitime\u00bb perp\u00e9tr\u00e9e par le mari, le fr\u00e8re\u2026<\/p>\n<p>Dans l\u2019espace public, c\u2019est l\u2019indiff\u00e9rence\u00a0! Chacun est affair\u00e9\u00a0! Le regard hagard, les pleurs, le silence, les cris\u2026 de cette femme qui appelle d\u00e9sesp\u00e9ramment au secours ne suscitent aucune compassion. Devant cette situation aberrante, l\u2019on est en droit de se demander si une loi, un m\u00e9canisme\u2026 pourront mieux faire. Des textes pourront-ils mieux conscientiser et rendre le citoyen plus responsable, quand chaque jour, l\u2019occasion de lutter contre la violence \u00e0 l\u2019\u00e9gard des femmes lui est offerte et qu\u2019il ne la saisit pas?<\/p>\n<p class=\"c2\"><strong>Danielle Engolo<\/strong><\/p>\n<p>Auteur: M&rsquo;hammed rahal<br \/>\n<a href=\"http:\/\/albayane.press.ma\/silence-on-violente.html\">Cliquez ici pour lire l&rsquo;article depuis sa source.<\/a><\/p>\n","protected":false},"excerpt":{"rendered":"<p>Triste r\u00e9alit\u00e9 ! La violence \u00e0 l\u2019\u00e9gard des femmes s\u2019accroche ! Le mal gangr\u00e8ne. Les m\u00e9canismes, les dispositifs, les programmes, les lois\u2026 s\u2019accumulent. Mais sans pour autant d\u00e9raciner ce mal. Les campagnes de sensibilisation restent lettre morte. Rien ne parvient \u00e0 r\u00e9sorber ce fl\u00e9au, consid\u00e9r\u00e9 comme l\u2019un des plus r\u00e9pandus dans le monde ! Devant [&hellip;]<\/p>\n","protected":false},"author":1760,"featured_media":0,"comment_status":"closed","ping_status":"closed","sticky":false,"template":"","format":"standard","meta":{"fifu_image_url":"","fifu_image_alt":"","footnotes":""},"categories":[73,54],"tags":[],"class_list":["post-68757","post","type-post","status-publish","format-standard","hentry","category-actualite","category-maroc"],"_links":{"self":[{"href":"https:\/\/linitiative.ca\/International\/wp-json\/wp\/v2\/posts\/68757","targetHints":{"allow":["GET"]}}],"collection":[{"href":"https:\/\/linitiative.ca\/International\/wp-json\/wp\/v2\/posts"}],"about":[{"href":"https:\/\/linitiative.ca\/International\/wp-json\/wp\/v2\/types\/post"}],"author":[{"embeddable":true,"href":"https:\/\/linitiative.ca\/International\/wp-json\/wp\/v2\/users\/1760"}],"replies":[{"embeddable":true,"href":"https:\/\/linitiative.ca\/International\/wp-json\/wp\/v2\/comments?post=68757"}],"version-history":[{"count":0,"href":"https:\/\/linitiative.ca\/International\/wp-json\/wp\/v2\/posts\/68757\/revisions"}],"wp:attachment":[{"href":"https:\/\/linitiative.ca\/International\/wp-json\/wp\/v2\/media?parent=68757"}],"wp:term":[{"taxonomy":"category","embeddable":true,"href":"https:\/\/linitiative.ca\/International\/wp-json\/wp\/v2\/categories?post=68757"},{"taxonomy":"post_tag","embeddable":true,"href":"https:\/\/linitiative.ca\/International\/wp-json\/wp\/v2\/tags?post=68757"}],"curies":[{"name":"wp","href":"https:\/\/api.w.org\/{rel}","templated":true}]}}