{"id":68762,"date":"2019-11-28T13:04:48","date_gmt":"2019-11-28T18:04:48","guid":{"rendered":"https:\/\/linitiative.ca\/International\/inauguration-de-lexposition-photographique-h-a-alger\/"},"modified":"2019-11-28T13:04:48","modified_gmt":"2019-11-28T18:04:48","slug":"inauguration-de-lexposition-photographique-h-a-alger","status":"publish","type":"post","link":"https:\/\/linitiative.ca\/International\/inauguration-de-lexposition-photographique-h-a-alger\/","title":{"rendered":"Inauguration de l&rsquo;exposition photographique \u00ab\u00a0H\u00a0\u00bb \u00e0 Alger"},"content":{"rendered":"<div readability=\"34\">\n<p><strong>ALGER &#8211; Une exposition de photographies rassemblant une vingtaine de clich\u00e9s revenant sur les lieux des essais nucl\u00e9aires de la France coloniale dans le grand sud alg\u00e9rien au d\u00e9but des ann\u00e9es 1960 a \u00e9t\u00e9 inaugur\u00e9 mercredi \u00e0 Alger par le photographe et musicien fran\u00e7ais Gregory Dargent.<\/strong><\/p>\n<\/div>\n<div readability=\"84\">\n<p>Intitul\u00e9e \u00ab\u00a0H\u00a0\u00bb, cette exposition d&rsquo;\u0153uvres en argentique, explorant les cons\u00e9quences du choc entre les touareg et la fission atomique, est organis\u00e9e par l&rsquo;Agence alg\u00e9rienne pour le d\u00e9veloppement culturel (Aarc) \u00e0 la villa Dar Abdeltif.<\/p>\n<p>R\u00e9alis\u00e9es en argentique, une technique accentuant le contraste entre l&rsquo;ombre et la lumi\u00e8re avec un effet de radiation argent\u00e9, les photographies de Gregory Dargent montrent le quotidien des habitants des r\u00e9gions de Reggane (Adrar) et de In Ekker (Tamanrasset) o\u00f9 la vie a repris ses droits pr\u00e8s de soixante ans apr\u00e8s les explosions.<\/p>\n<p>Une premi\u00e8re partie des clich\u00e9s montrent les habitants de ces r\u00e9gions pendant des c\u00e9l\u00e9brations populaires. Ils immortalisent aussi des tranches de la vie quotidienne des enfants et adultes dans leurs costumes traditionnels.<\/p>\n<p>La plupart des mod\u00e8les sont volontairement flout\u00e9s ou plong\u00e9s dans la p\u00e9nombre par le photographe.<\/p>\n<p>Explorant ces terres sahariennes, l&rsquo;objectif de Gregory Dargent sefocalise, dans la seconde partie de cette exposition, sur les grandes \u00e9tendues et un au ciel poussi\u00e9reux, irradi\u00e9s par une lumi\u00e8re crue, accentu\u00e9e par la technique argentique pour \u00e9voquer l&rsquo;explosion nucl\u00e9aire.<\/p>\n<p>La vie reprend ses droits dans les \u0153uvres du photographe \u00e0 travers les f\u00eates populaires, l&rsquo;expression des visages d&rsquo;enfants ou encore un jardin fleuri.<\/p>\n<p>L&rsquo;artiste qui a \u00e9galement d\u00e9clin\u00e9 cette exposition en cr\u00e9ation musicale a choisi de l&rsquo;intituler \u00ab\u00a0H\u00a0\u00bb pour sugg\u00e9rer le souffle aussi bien que \u00ab\u00a0Hoggar\u00a0\u00bb, \u00ab\u00a0Hiroshima\u00a0\u00bb et \u00ab\u00a0histoire\u00a0\u00bb par laquelle ces mots commencent, explique Gregory Dargent. L&rsquo;artiste avait publi\u00e9 un livre photos sorti en France en 2018 avec les m\u00eames titres et clich\u00e9s.<\/p>\n<p>S&rsquo;il s&rsquo;est rendu au \u00ab\u00a0Point z\u00e9ro\u00a0\u00bb des explosions, les cons\u00e9quences de ces essais sur l&rsquo;environnement et la population restent cependant absents des \u0153uvres expos\u00e9es, le photographe ayant \u00ab\u00a0choisi d&rsquo;aller \u00e0 la rencontre de la population\u00a0\u00bb qui vit toujours sur les lieux de ces essais nucl\u00e9aires.<\/p>\n<p>N\u00e9 en 1977, Gregory Dargent est guitariste et luthiste dipl\u00f4m\u00e9 du conservatoire de Strasbourg en France. Il se d\u00e9couvre une nouvelle passion pour la photographie et publie son premier livre photo \u00ab\u00a0H\u00a0\u00bb apr\u00e8s 20 jours pass\u00e9s dans le grand sud.<\/p>\n<p>L&rsquo;exposition \u00ab\u00a0H\u00a0\u00bb est \u00e0 d\u00e9couvrir jusqu&rsquo;au 3 d\u00e9cembre \u00e0 la villa DarAbdeltif.<\/p>\n<\/div>\n<p>Auteur:<br \/>\n<a href=\"http:\/\/www.aps.dz\/culture\/98130-inauguration-de-l-exposition-photographique-h-a-alger\">Cliquez ici pour lire l&rsquo;article depuis sa source.<\/a><\/p>\n","protected":false},"excerpt":{"rendered":"<p>ALGER &#8211; Une exposition de photographies rassemblant une vingtaine de clich\u00e9s revenant sur les lieux des essais nucl\u00e9aires de la France coloniale dans le grand sud alg\u00e9rien au d\u00e9but des ann\u00e9es 1960 a \u00e9t\u00e9 inaugur\u00e9 mercredi \u00e0 Alger par le photographe et musicien fran\u00e7ais Gregory Dargent. Intitul\u00e9e \u00ab\u00a0H\u00a0\u00bb, cette exposition d&rsquo;\u0153uvres en argentique, explorant les [&hellip;]<\/p>\n","protected":false},"author":1790,"featured_media":0,"comment_status":"closed","ping_status":"closed","sticky":false,"template":"","format":"standard","meta":{"fifu_image_url":"","fifu_image_alt":"","footnotes":""},"categories":[53,79],"tags":[],"class_list":["post-68762","post","type-post","status-publish","format-standard","hentry","category-algerie","category-culture"],"_links":{"self":[{"href":"https:\/\/linitiative.ca\/International\/wp-json\/wp\/v2\/posts\/68762","targetHints":{"allow":["GET"]}}],"collection":[{"href":"https:\/\/linitiative.ca\/International\/wp-json\/wp\/v2\/posts"}],"about":[{"href":"https:\/\/linitiative.ca\/International\/wp-json\/wp\/v2\/types\/post"}],"author":[{"embeddable":true,"href":"https:\/\/linitiative.ca\/International\/wp-json\/wp\/v2\/users\/1790"}],"replies":[{"embeddable":true,"href":"https:\/\/linitiative.ca\/International\/wp-json\/wp\/v2\/comments?post=68762"}],"version-history":[{"count":0,"href":"https:\/\/linitiative.ca\/International\/wp-json\/wp\/v2\/posts\/68762\/revisions"}],"wp:attachment":[{"href":"https:\/\/linitiative.ca\/International\/wp-json\/wp\/v2\/media?parent=68762"}],"wp:term":[{"taxonomy":"category","embeddable":true,"href":"https:\/\/linitiative.ca\/International\/wp-json\/wp\/v2\/categories?post=68762"},{"taxonomy":"post_tag","embeddable":true,"href":"https:\/\/linitiative.ca\/International\/wp-json\/wp\/v2\/tags?post=68762"}],"curies":[{"name":"wp","href":"https:\/\/api.w.org\/{rel}","templated":true}]}}