{"id":68763,"date":"2019-11-28T05:00:00","date_gmt":"2019-11-28T10:00:00","guid":{"rendered":"https:\/\/linitiative.ca\/International\/ce-ne-sera-pas-facile\/"},"modified":"2019-11-28T05:00:00","modified_gmt":"2019-11-28T10:00:00","slug":"ce-ne-sera-pas-facile","status":"publish","type":"post","link":"https:\/\/linitiative.ca\/International\/ce-ne-sera-pas-facile\/","title":{"rendered":"\u201cCe ne sera pas facile\u201d"},"content":{"rendered":"<div id=\"originalText\" readability=\"62\">\n<p>Les joueurs de la JS Kabylie sont d\u00e9termin\u00e9s \u00e0 relever le d\u00e9fi pour cette premi\u00e8re sortie de la phase des poules de la Ligue des champions contre Vita club, ce vendredi au stade de Tizi Ouzou. \u201cNous nous sommes pr\u00e9par\u00e9s comme il se doit pour ce rendez-vous important.<\/p>\n<p>Nous sommes \u00e9galement tr\u00e8s conscients que la mission ne sera pas aussi facile. Il est tr\u00e8s important de r\u00e9aliser un bon r\u00e9sultat d\u00e8s cette premi\u00e8re journ\u00e9e de la phase des poules\u201d, dira le capitaine kabyle, Nabil Saadou, qui revient d\u2019une suspension en championnat contre la JS Souara.\u00a0<\/p>\n<p>\u201cJe n\u2019ai pas jou\u00e9 contre la Saoura, mais j\u2019ai profit\u00e9 de ce temps pour bien me pr\u00e9parer pour ce match face au Vita Club. Les matchs de championnat et ceux de la Ligue des champions sont diff\u00e9rents\u201d, a-t-il ajout\u00e9.<\/p>\n<p>Le groupe dont ont h\u00e9rit\u00e9 les Jaune et Vert, compos\u00e9 de l\u2019Esp\u00e9rance de Tunis et du Raja de Casablanca, en plus du Vita Club, reste tout de m\u00eame relev\u00e9, mais, pour le capitaine de la JSK, \u201c\u00e0 ce stade de la comp\u00e9tition, il ne faut pas s\u2019attendre \u00e0 des matchs faciles. Pour le moment, il y a cette confrontation face au Vita Club, les autres matchs auront leur temps de pr\u00e9paration\u201d.\u00a0<br \/>\u00a0<\/p>\n<p class=\"c6\"><strong>Ahmed Ifticen<\/strong><\/p>\n<\/div>\n<div id=\"text_core\" readability=\"62\">\n<p>Les joueurs de la JS Kabylie sont d\u00e9termin\u00e9s \u00e0 relever le d\u00e9fi pour cette premi\u00e8re sortie de la phase des poules de la Ligue des champions contre Vita club, ce vendredi au stade de Tizi Ouzou. \u201cNous nous sommes pr\u00e9par\u00e9s comme il se doit pour ce rendez-vous important.<\/p>\n<p>Nous sommes \u00e9galement tr\u00e8s conscients que la mission ne sera pas aussi facile. Il est tr\u00e8s important de r\u00e9aliser un bon r\u00e9sultat d\u00e8s cette premi\u00e8re journ\u00e9e de la phase des poules\u201d, dira le capitaine kabyle, Nabil Saadou, qui revient d\u2019une suspension en championnat contre la JS Souara.\u00a0<\/p>\n<p>\u201cJe n\u2019ai pas jou\u00e9 contre la Saoura, mais j\u2019ai profit\u00e9 de ce temps pour bien me pr\u00e9parer pour ce match face au Vita Club. Les matchs de championnat et ceux de la Ligue des champions sont diff\u00e9rents\u201d, a-t-il ajout\u00e9.<\/p>\n<p>Le groupe dont ont h\u00e9rit\u00e9 les Jaune et Vert, compos\u00e9 de l\u2019Esp\u00e9rance de Tunis et du Raja de Casablanca, en plus du Vita Club, reste tout de m\u00eame relev\u00e9, mais, pour le capitaine de la JSK, \u201c\u00e0 ce stade de la comp\u00e9tition, il ne faut pas s\u2019attendre \u00e0 des matchs faciles. Pour le moment, il y a cette confrontation face au Vita Club, les autres matchs auront leur temps de pr\u00e9paration\u201d.\u00a0<br \/>\u00a0<\/p>\n<p class=\"c6\"><strong>Ahmed Ifticen<\/strong><\/p>\n<\/div>\n<p>Auteur:<br \/>\n<a href=\"https:\/\/www.liberte-algerie.com\/sports\/ce-ne-sera-pas-facile-328990\">Cliquez ici pour lire l&rsquo;article depuis sa source.<\/a><\/p>\n","protected":false},"excerpt":{"rendered":"<p>Les joueurs de la JS Kabylie sont d\u00e9termin\u00e9s \u00e0 relever le d\u00e9fi pour cette premi\u00e8re sortie de la phase des poules de la Ligue des champions contre Vita club, ce vendredi au stade de Tizi Ouzou. \u201cNous nous sommes pr\u00e9par\u00e9s comme il se doit pour ce rendez-vous important. Nous sommes \u00e9galement tr\u00e8s conscients que la [&hellip;]<\/p>\n","protected":false},"author":1742,"featured_media":0,"comment_status":"closed","ping_status":"closed","sticky":false,"template":"","format":"standard","meta":{"fifu_image_url":"","fifu_image_alt":"","footnotes":""},"categories":[73,53],"tags":[],"class_list":["post-68763","post","type-post","status-publish","format-standard","hentry","category-actualite","category-algerie"],"_links":{"self":[{"href":"https:\/\/linitiative.ca\/International\/wp-json\/wp\/v2\/posts\/68763","targetHints":{"allow":["GET"]}}],"collection":[{"href":"https:\/\/linitiative.ca\/International\/wp-json\/wp\/v2\/posts"}],"about":[{"href":"https:\/\/linitiative.ca\/International\/wp-json\/wp\/v2\/types\/post"}],"author":[{"embeddable":true,"href":"https:\/\/linitiative.ca\/International\/wp-json\/wp\/v2\/users\/1742"}],"replies":[{"embeddable":true,"href":"https:\/\/linitiative.ca\/International\/wp-json\/wp\/v2\/comments?post=68763"}],"version-history":[{"count":0,"href":"https:\/\/linitiative.ca\/International\/wp-json\/wp\/v2\/posts\/68763\/revisions"}],"wp:attachment":[{"href":"https:\/\/linitiative.ca\/International\/wp-json\/wp\/v2\/media?parent=68763"}],"wp:term":[{"taxonomy":"category","embeddable":true,"href":"https:\/\/linitiative.ca\/International\/wp-json\/wp\/v2\/categories?post=68763"},{"taxonomy":"post_tag","embeddable":true,"href":"https:\/\/linitiative.ca\/International\/wp-json\/wp\/v2\/tags?post=68763"}],"curies":[{"name":"wp","href":"https:\/\/api.w.org\/{rel}","templated":true}]}}