{"id":68765,"date":"2019-11-28T05:00:00","date_gmt":"2019-11-28T10:00:00","guid":{"rendered":"https:\/\/linitiative.ca\/International\/victime-dune-agression-lentraineur-yaiche-sur-le-depart\/"},"modified":"2019-11-28T05:00:00","modified_gmt":"2019-11-28T10:00:00","slug":"victime-dune-agression-lentraineur-yaiche-sur-le-depart","status":"publish","type":"post","link":"https:\/\/linitiative.ca\/International\/victime-dune-agression-lentraineur-yaiche-sur-le-depart\/","title":{"rendered":"Victime d\u2019une agression, l\u2019entra\u00eeneur Ya\u00efche sur le d\u00e9part"},"content":{"rendered":"<div id=\"originalText\" readability=\"58\">\n<p>L\u2019entra\u00eeneur de l\u2019USM Bel-Abb\u00e8s, Abdelkader Ya\u00efche, a quitt\u00e9 son \u00e9quipe pour rentrer chez lui \u00e0 Alger apr\u00e8s avoir fait l\u2019objet d\u2019une agression de la part d\u2019un parent de joueur, a-t-on appris hier de ce club de Ligue 1 de football. Ya\u00efche, qui a rejoint l\u2019USMBA il y a un peu plus de deux mois, a d\u00e9pos\u00e9 plainte aupr\u00e8s des services comp\u00e9tents et envisage s\u00e9rieusement de jeter l\u2019\u00e9ponge, a pr\u00e9cis\u00e9 la m\u00eame source.<\/p>\n<p>L\u2019incident a eu lieu en marge de la s\u00e9ance d\u2019entra\u00eenement de mardi soir, lorsque le parent du joueur en question a reproch\u00e9 au technicien alg\u00e9rois de l\u00e9ser son fils en ne le portant pas sur la liste des 18 concern\u00e9s par les matchs officiels de l\u2019\u00e9quipe, souligne-t-on encore.\u00a0<\/p>\n<p>La direction de l\u2019USMBA tente, actuellement, de convaincre l\u2019entra\u00eeneur de revenir \u00e0 de meilleurs sentiments. Elle lui a, d\u2019ailleurs, demand\u00e9 de rejoindre ses joueurs directement \u00e0 A\u00efn M\u2019lila o\u00f9 la formation de la Mekerra affrontera l\u2019AS A\u00efn M\u2019lila, samedi dans le cadre de la 12e journ\u00e9e du championnat, indique-t-on.\u00a0<\/p>\n<p class=\"c6\"><strong>R. S.<\/strong><\/p>\n<\/div>\n<div id=\"text_core\" readability=\"58\">\n<p>L\u2019entra\u00eeneur de l\u2019USM Bel-Abb\u00e8s, Abdelkader Ya\u00efche, a quitt\u00e9 son \u00e9quipe pour rentrer chez lui \u00e0 Alger apr\u00e8s avoir fait l\u2019objet d\u2019une agression de la part d\u2019un parent de joueur, a-t-on appris hier de ce club de Ligue 1 de football. Ya\u00efche, qui a rejoint l\u2019USMBA il y a un peu plus de deux mois, a d\u00e9pos\u00e9 plainte aupr\u00e8s des services comp\u00e9tents et envisage s\u00e9rieusement de jeter l\u2019\u00e9ponge, a pr\u00e9cis\u00e9 la m\u00eame source.<\/p>\n<p>L\u2019incident a eu lieu en marge de la s\u00e9ance d\u2019entra\u00eenement de mardi soir, lorsque le parent du joueur en question a reproch\u00e9 au technicien alg\u00e9rois de l\u00e9ser son fils en ne le portant pas sur la liste des 18 concern\u00e9s par les matchs officiels de l\u2019\u00e9quipe, souligne-t-on encore.\u00a0<\/p>\n<p>La direction de l\u2019USMBA tente, actuellement, de convaincre l\u2019entra\u00eeneur de revenir \u00e0 de meilleurs sentiments. Elle lui a, d\u2019ailleurs, demand\u00e9 de rejoindre ses joueurs directement \u00e0 A\u00efn M\u2019lila o\u00f9 la formation de la Mekerra affrontera l\u2019AS A\u00efn M\u2019lila, samedi dans le cadre de la 12e journ\u00e9e du championnat, indique-t-on.\u00a0<\/p>\n<p class=\"c6\"><strong>R. S.<\/strong><\/p>\n<\/div>\n<p>Auteur:<br \/>\n<a href=\"https:\/\/www.liberte-algerie.com\/sports\/victime-dune-agression-lentraineur-yaiche-sur-le-depart-328988\">Cliquez ici pour lire l&rsquo;article depuis sa source.<\/a><\/p>\n","protected":false},"excerpt":{"rendered":"<p>L\u2019entra\u00eeneur de l\u2019USM Bel-Abb\u00e8s, Abdelkader Ya\u00efche, a quitt\u00e9 son \u00e9quipe pour rentrer chez lui \u00e0 Alger apr\u00e8s avoir fait l\u2019objet d\u2019une agression de la part d\u2019un parent de joueur, a-t-on appris hier de ce club de Ligue 1 de football. Ya\u00efche, qui a rejoint l\u2019USMBA il y a un peu plus de deux mois, a [&hellip;]<\/p>\n","protected":false},"author":1742,"featured_media":0,"comment_status":"closed","ping_status":"closed","sticky":false,"template":"","format":"standard","meta":{"fifu_image_url":"","fifu_image_alt":"","footnotes":""},"categories":[73,53],"tags":[],"class_list":["post-68765","post","type-post","status-publish","format-standard","hentry","category-actualite","category-algerie"],"_links":{"self":[{"href":"https:\/\/linitiative.ca\/International\/wp-json\/wp\/v2\/posts\/68765","targetHints":{"allow":["GET"]}}],"collection":[{"href":"https:\/\/linitiative.ca\/International\/wp-json\/wp\/v2\/posts"}],"about":[{"href":"https:\/\/linitiative.ca\/International\/wp-json\/wp\/v2\/types\/post"}],"author":[{"embeddable":true,"href":"https:\/\/linitiative.ca\/International\/wp-json\/wp\/v2\/users\/1742"}],"replies":[{"embeddable":true,"href":"https:\/\/linitiative.ca\/International\/wp-json\/wp\/v2\/comments?post=68765"}],"version-history":[{"count":0,"href":"https:\/\/linitiative.ca\/International\/wp-json\/wp\/v2\/posts\/68765\/revisions"}],"wp:attachment":[{"href":"https:\/\/linitiative.ca\/International\/wp-json\/wp\/v2\/media?parent=68765"}],"wp:term":[{"taxonomy":"category","embeddable":true,"href":"https:\/\/linitiative.ca\/International\/wp-json\/wp\/v2\/categories?post=68765"},{"taxonomy":"post_tag","embeddable":true,"href":"https:\/\/linitiative.ca\/International\/wp-json\/wp\/v2\/tags?post=68765"}],"curies":[{"name":"wp","href":"https:\/\/api.w.org\/{rel}","templated":true}]}}