{"id":68768,"date":"2019-11-28T05:27:36","date_gmt":"2019-11-28T10:27:36","guid":{"rendered":"https:\/\/linitiative.ca\/International\/g2t-global-awards-2019-des-personnalites-recompensees\/"},"modified":"2019-11-28T05:27:36","modified_gmt":"2019-11-28T10:27:36","slug":"g2t-global-awards-2019-des-personnalites-recompensees","status":"publish","type":"post","link":"https:\/\/linitiative.ca\/International\/g2t-global-awards-2019-des-personnalites-recompensees\/","title":{"rendered":"G2T Global Awards-2019: Des personnalit\u00e9s r\u00e9compens\u00e9es"},"content":{"rendered":"<div readability=\"35\">\n<p>Marrakech \u2013 Des personnalit\u00e9s et des institutions marocaines ont \u00e9t\u00e9 prim\u00e9es, mercredi soir \u00e0 Marrakech, dans diff\u00e9rentes cat\u00e9gories de la 4\u00e8me \u00e9dition du G2T Global Awards-2019.<\/p>\n<\/div>\n<div readability=\"123\">\n<p>Ainsi, dans la cat\u00e9gorie \u00ab\u00a0Patrimoine et M\u00e9dias\u00a0\u00bb, le Prix de la meilleure Agence de presse arabe a \u00e9t\u00e9 d\u00e9cern\u00e9 \u00e0 l\u2019Agence Marocaine de Presse (MAP), et remis au Directeur g\u00e9n\u00e9ral de l\u2019Agence, M. Khalil Hachimi Idrissi.<\/p>\n<p>S\u2019agissant du Prix de l\u2019excellence professionnelle, il a \u00e9t\u00e9 remport\u00e9 par la journaliste et pr\u00e9sentatrice TV de la Soci\u00e9t\u00e9 Nationale de Radiodiffusion et de T\u00e9l\u00e9vision (SNRT), Asmaa Benfassi, et au docteur en m\u00e9decine nucl\u00e9aire, Hasnae Guerrouj.<\/p>\n<p>Quant au Prix de l\u2019action sociale, il a \u00e9t\u00e9 attribu\u00e9 \u00e0 l\u2019Agence Bayt Mal Al Qods Al Charif, alors que le prix de l\u2019excellence litt\u00e9raire est revenu \u00e0 l\u2019historiographe du Royaume, porte-parole du Palais Royal, Abdelhak Lamrini.<\/p>\n<p>Lors de cette c\u00e9r\u00e9monie grandiose, \u00e0 laquelle ont pris part des personnalit\u00e9s arabes du monde des affaires et de la culture, des Prix r\u00e9compensant les efforts consentis dans les domaines \u00e9conomique, financier, culturel, social et sportif dans le monde arabe, ont \u00e9t\u00e9 \u00e9galement remis \u00e0 des institutions, \u00e9tablissements et entreprises arabes op\u00e9rant dans diff\u00e9rents domaines (agroalimentaire et p\u00e9trolier, recherche scientifique, assurance, TIC, banques et finances, m\u00e9dias, logistique, action humanitaire et responsabilit\u00e9 sociale) au Qatar, au Sultanat d\u2019Oman, en Arabie Saoudite, au Bahre\u00efn et au Kowe\u00eft.<\/p>\n<p>S\u2019exprimant \u00e0 cette occasion, Mme Lamina Mint El Kotob, membre du haut comit\u00e9 du G2T Global Awards, a soulign\u00e9 que ce Prix r\u00e9compense l\u2019excellence arabe dans diff\u00e9rents champs d\u2019action et encourage l\u2019innovation, la cr\u00e9ation et le d\u00e9veloppement des comp\u00e9tences.<\/p>\n<p>Le G2T Global Awards aspire \u00e0 devenir le plus prestigieux Prix d\u00e9cern\u00e9 dans le monde arabe dans les ann\u00e9es \u00e0 venir et \u00e0 contribuer au renforcement des capacit\u00e9s et du savoir sur le plan arabe, a-t-elle fait savoir.<\/p>\n<p>Elle a aussi tenu \u00e0 remercier le Royaume du Maroc d\u2019avoir abrit\u00e9 cette manifestation de grande envergure depuis son lancement en 2016, ajoutant que le choix de Marrakech n\u2019\u00e9tait pas fortuit: il t\u00e9moigne, en fait, de la place privil\u00e9gi\u00e9e qu\u2019occupe cette ville imp\u00e9riale \u00e0 l\u2019\u00e9chelle arabe.<\/p>\n<p>Pour sa part, Mohamed Ennakhli, membre du Secr\u00e9tariat g\u00e9n\u00e9ral de ce Prix, a mis en avant cette initiative pionni\u00e8re dans le monde arabe qui r\u00e9compense les actions louables et les efforts d\u00e9ploy\u00e9s par plusieurs intervenants dans divers champs d\u2019activit\u00e9s.<\/p>\n<p>Ce Prix constitue une \u00ab\u00a0valeur ajout\u00e9e\u00a0\u00bb qui vient renforcer la coh\u00e9sion arabe et se veut aussi une plateforme pour la coop\u00e9ration et le raffermissement des liens entre les laur\u00e9ats, a-t-il indiqu\u00e9, ajoutant que cette prestigieuse distinction vise \u00e9galement \u00e0 \u00e9tablir des partenariats solides entre les entreprises et compagnies prim\u00e9es en vue de contribuer au d\u00e9veloppement des pays arabes.<\/p>\n<p>Cette quatri\u00e8me \u00e9dition du G2T Global Awards se distingue notamment par l\u2019\u00e9largissement du nombre des cat\u00e9gories prim\u00e9es afin de toucher \u00e0 tous les domaines, tels que les affaires, l\u2019\u00e9conomie, la litt\u00e9rature, les sciences, la culture, l\u2019art, les m\u00e9dias entre autres, a-t-il dit.<\/p>\n<\/div>\n<p>Auteur: Meriem IGASS<br \/>\n<a href=\"http:\/\/www.mapmarrakech.ma\/fr\/awards\/\">Cliquez ici pour lire l&rsquo;article depuis sa source.<\/a><\/p>\n","protected":false},"excerpt":{"rendered":"<p>Marrakech \u2013 Des personnalit\u00e9s et des institutions marocaines ont \u00e9t\u00e9 prim\u00e9es, mercredi soir \u00e0 Marrakech, dans diff\u00e9rentes cat\u00e9gories de la 4\u00e8me \u00e9dition du G2T Global Awards-2019. Ainsi, dans la cat\u00e9gorie \u00ab\u00a0Patrimoine et M\u00e9dias\u00a0\u00bb, le Prix de la meilleure Agence de presse arabe a \u00e9t\u00e9 d\u00e9cern\u00e9 \u00e0 l\u2019Agence Marocaine de Presse (MAP), et remis au Directeur [&hellip;]<\/p>\n","protected":false},"author":1788,"featured_media":0,"comment_status":"closed","ping_status":"closed","sticky":false,"template":"","format":"standard","meta":{"fifu_image_url":"","fifu_image_alt":"","footnotes":""},"categories":[54,76],"tags":[],"class_list":["post-68768","post","type-post","status-publish","format-standard","hentry","category-maroc","category-regions"],"_links":{"self":[{"href":"https:\/\/linitiative.ca\/International\/wp-json\/wp\/v2\/posts\/68768","targetHints":{"allow":["GET"]}}],"collection":[{"href":"https:\/\/linitiative.ca\/International\/wp-json\/wp\/v2\/posts"}],"about":[{"href":"https:\/\/linitiative.ca\/International\/wp-json\/wp\/v2\/types\/post"}],"author":[{"embeddable":true,"href":"https:\/\/linitiative.ca\/International\/wp-json\/wp\/v2\/users\/1788"}],"replies":[{"embeddable":true,"href":"https:\/\/linitiative.ca\/International\/wp-json\/wp\/v2\/comments?post=68768"}],"version-history":[{"count":0,"href":"https:\/\/linitiative.ca\/International\/wp-json\/wp\/v2\/posts\/68768\/revisions"}],"wp:attachment":[{"href":"https:\/\/linitiative.ca\/International\/wp-json\/wp\/v2\/media?parent=68768"}],"wp:term":[{"taxonomy":"category","embeddable":true,"href":"https:\/\/linitiative.ca\/International\/wp-json\/wp\/v2\/categories?post=68768"},{"taxonomy":"post_tag","embeddable":true,"href":"https:\/\/linitiative.ca\/International\/wp-json\/wp\/v2\/tags?post=68768"}],"curies":[{"name":"wp","href":"https:\/\/api.w.org\/{rel}","templated":true}]}}