{"id":68769,"date":"2019-11-28T08:09:03","date_gmt":"2019-11-28T13:09:03","guid":{"rendered":"https:\/\/linitiative.ca\/International\/lagence-bayt-mal-al-qods-al-charif-primee-a-marrakech\/"},"modified":"2019-11-28T08:09:03","modified_gmt":"2019-11-28T13:09:03","slug":"lagence-bayt-mal-al-qods-al-charif-primee-a-marrakech","status":"publish","type":"post","link":"https:\/\/linitiative.ca\/International\/lagence-bayt-mal-al-qods-al-charif-primee-a-marrakech\/","title":{"rendered":"L\u2019Agence Bayt Mal Al Qods Al Charif prim\u00e9e \u00e0 Marrakech"},"content":{"rendered":"<div class=\"single-featured\"><img alt=\"\" data-src=\"http:\/\/www.mapmarrakech.ma\/map\/uploads\/2019\/11\/prixagencebaytmalalqods-copier.jpg\"\/><\/div>\n<div class=\"single-post-excerpt post-excerpt-bc\" readability=\"37\">\n<p>Marrakech \u2013 L\u2019Agence Bayt Mal Al Qods Al Charif a \u00e9t\u00e9 prim\u00e9e, mercredi soir \u00e0 Marrakech, dans la cat\u00e9gorie \u00ab\u00a0Action sociale\u00a0\u00bb de la 4\u00e8me \u00e9dition du G2T Global Awards, lors d\u2019une c\u00e9r\u00e9monie rehauss\u00e9e par la pr\u00e9sence d\u2019\u00e9minentes personnalit\u00e9s de diff\u00e9rents horizons.<\/p>\n<\/div>\n<div class=\"entry-content clearfix single-post-content\" readability=\"67\">\n<p>Cette distinction intervient en reconnaissance des efforts d\u00e9ploy\u00e9s par l\u2019Agence en faveur de la protection de la ville sainte d\u2019Al Qods et du soutien du peuple palestinien, conform\u00e9ment aux Hautes instructions de Sa Majest\u00e9 le Roi Mohammed VI, pr\u00e9sident du Comit\u00e9 Al-Qods<\/p>\n<p>Dans une d\u00e9claration \u00e0 la MAP, le Directeur charg\u00e9 de la gestion de l\u2019Agence Bayt Mal Alqods Al Charif, Mohamed Salem Cherkaoui, a indiqu\u00e9 que ce Prix vient r\u00e9compenser les actions importantes et de longue haleine entreprises par l\u2019Agence sous la Supervision Directe de SM le Roi.<\/p>\n<p>Le travail accompli par l\u2019Agence Bayt Mal Al Qods Al Charif est reconnu \u00e0 toutes les \u00e9chelles, a-t-il relev\u00e9, notant que l\u2019Agence poursuivra son engagement \u00e0 travers plusieurs projets et initiatives en faveur de la cause palestinienne et la pr\u00e9servation du patrimoine civilisationnel d\u2019Al Qods.<\/p>\n<p>Des personnalit\u00e9s et institutions marocaines et arabes ont \u00e9galement remport\u00e9 des prix dans diff\u00e9rentes cat\u00e9gories du G2T Global Awards, r\u00e9compensant les efforts consentis dans les domaines \u00e9conomique, financier, culturel, m\u00e9diatique, social et sportif dans le monde arabe.<\/p>\n<p>Ce Prix, lanc\u00e9 en 2016, vise notamment \u00e0 renforcer les r\u00e9alisations et \u00e0 encourager l\u2019excellence en mati\u00e8re d\u2019initiative et de gestion dans les diff\u00e9rents domaines \u00e0 l\u2019\u00e9chelle arabe.<\/p>\n<p>Le G2T Global Awards aspire \u00e0 devenir le plus prestigieux Prix d\u00e9cern\u00e9 dans le monde arabe dans les ann\u00e9es \u00e0 venir et \u00e0 contribuer au renforcement des capacit\u00e9s et du savoir sur le plan arabe.<\/p>\n<\/div>\n<p>Auteur: Meriem IGASS<br \/>\n<a href=\"http:\/\/www.mapmarrakech.ma\/fr\/agence\/\">Cliquez ici pour lire l&rsquo;article depuis sa source.<\/a><\/p>\n","protected":false},"excerpt":{"rendered":"<p>Marrakech \u2013 L\u2019Agence Bayt Mal Al Qods Al Charif a \u00e9t\u00e9 prim\u00e9e, mercredi soir \u00e0 Marrakech, dans la cat\u00e9gorie \u00ab\u00a0Action sociale\u00a0\u00bb de la 4\u00e8me \u00e9dition du G2T Global Awards, lors d\u2019une c\u00e9r\u00e9monie rehauss\u00e9e par la pr\u00e9sence d\u2019\u00e9minentes personnalit\u00e9s de diff\u00e9rents horizons. Cette distinction intervient en reconnaissance des efforts d\u00e9ploy\u00e9s par l\u2019Agence en faveur de la [&hellip;]<\/p>\n","protected":false},"author":1788,"featured_media":68770,"comment_status":"closed","ping_status":"closed","sticky":false,"template":"","format":"standard","meta":{"fifu_image_url":"","fifu_image_alt":"","footnotes":""},"categories":[54,76],"tags":[],"class_list":["post-68769","post","type-post","status-publish","format-standard","has-post-thumbnail","hentry","category-maroc","category-regions"],"_links":{"self":[{"href":"https:\/\/linitiative.ca\/International\/wp-json\/wp\/v2\/posts\/68769","targetHints":{"allow":["GET"]}}],"collection":[{"href":"https:\/\/linitiative.ca\/International\/wp-json\/wp\/v2\/posts"}],"about":[{"href":"https:\/\/linitiative.ca\/International\/wp-json\/wp\/v2\/types\/post"}],"author":[{"embeddable":true,"href":"https:\/\/linitiative.ca\/International\/wp-json\/wp\/v2\/users\/1788"}],"replies":[{"embeddable":true,"href":"https:\/\/linitiative.ca\/International\/wp-json\/wp\/v2\/comments?post=68769"}],"version-history":[{"count":0,"href":"https:\/\/linitiative.ca\/International\/wp-json\/wp\/v2\/posts\/68769\/revisions"}],"wp:featuredmedia":[{"embeddable":true,"href":"https:\/\/linitiative.ca\/International\/wp-json\/"}],"wp:attachment":[{"href":"https:\/\/linitiative.ca\/International\/wp-json\/wp\/v2\/media?parent=68769"}],"wp:term":[{"taxonomy":"category","embeddable":true,"href":"https:\/\/linitiative.ca\/International\/wp-json\/wp\/v2\/categories?post=68769"},{"taxonomy":"post_tag","embeddable":true,"href":"https:\/\/linitiative.ca\/International\/wp-json\/wp\/v2\/tags?post=68769"}],"curies":[{"name":"wp","href":"https:\/\/api.w.org\/{rel}","templated":true}]}}