{"id":68771,"date":"2019-11-28T09:03:42","date_gmt":"2019-11-28T14:03:42","guid":{"rendered":"https:\/\/linitiative.ca\/International\/la-campagne-mondiale-16-jours-dactivisme-pour-mettre-fin-a-la-violence-faite-aux-femmes\/"},"modified":"2019-11-28T09:03:42","modified_gmt":"2019-11-28T14:03:42","slug":"la-campagne-mondiale-16-jours-dactivisme-pour-mettre-fin-a-la-violence-faite-aux-femmes","status":"publish","type":"post","link":"https:\/\/linitiative.ca\/International\/la-campagne-mondiale-16-jours-dactivisme-pour-mettre-fin-a-la-violence-faite-aux-femmes\/","title":{"rendered":"La campagne mondiale \u00ab 16 jours d\u2019activisme pour mettre fin \u00e0 la violence faite aux femmes"},"content":{"rendered":"<p><iframe loading=\"lazy\" width=\"1170\" height=\"658\" src=\"https:\/\/www.youtube.com\/embed\/zfAEwHD_Zbs?feature=oembed\" frameborder=\"0\" allow=\"accelerometer; autoplay; encrypted-media; gyroscope; picture-in-picture\" allowfullscreen=\"\">[embedded content]<\/iframe><\/p>\n<div class=\"single-post-excerpt post-excerpt-bc\" readability=\"34\">\n<p>La campagne mondiale \u00ab 16 jours d\u2019activisme pour mettre fin \u00e0 la violence faite aux femmes \u00bb a \u00e9t\u00e9 lanc\u00e9e \u00e0 la Place Harti \u00e0 Marrakech sous le th\u00e8me \u00ab Masculinit\u00e9s positives : les hommes et les gar\u00e7ons rejettent les violences faites aux femmes et aux filles \u00bb.<\/p>\n<\/div>\n<p>Auteur: Meriem IGASS<br \/>\n<a href=\"http:\/\/www.mapmarrakech.ma\/fr\/la-campagne-mondiale-16-jours-dactivisme-pour-mettre-fin-a-la-violence-faite-aux-femmes\/\">Cliquez ici pour lire l&rsquo;article depuis sa source.<\/a><\/p>\n","protected":false},"excerpt":{"rendered":"<p>[embedded content] La campagne mondiale \u00ab 16 jours d\u2019activisme pour mettre fin \u00e0 la violence faite aux femmes \u00bb a \u00e9t\u00e9 lanc\u00e9e \u00e0 la Place Harti \u00e0 Marrakech sous le th\u00e8me \u00ab Masculinit\u00e9s positives : les hommes et les gar\u00e7ons rejettent les violences faites aux femmes et aux filles \u00bb. Auteur: Meriem IGASS Cliquez ici [&hellip;]<\/p>\n","protected":false},"author":1788,"featured_media":0,"comment_status":"closed","ping_status":"closed","sticky":false,"template":"","format":"standard","meta":{"fifu_image_url":"","fifu_image_alt":"","footnotes":""},"categories":[54,76],"tags":[],"class_list":["post-68771","post","type-post","status-publish","format-standard","hentry","category-maroc","category-regions"],"_links":{"self":[{"href":"https:\/\/linitiative.ca\/International\/wp-json\/wp\/v2\/posts\/68771","targetHints":{"allow":["GET"]}}],"collection":[{"href":"https:\/\/linitiative.ca\/International\/wp-json\/wp\/v2\/posts"}],"about":[{"href":"https:\/\/linitiative.ca\/International\/wp-json\/wp\/v2\/types\/post"}],"author":[{"embeddable":true,"href":"https:\/\/linitiative.ca\/International\/wp-json\/wp\/v2\/users\/1788"}],"replies":[{"embeddable":true,"href":"https:\/\/linitiative.ca\/International\/wp-json\/wp\/v2\/comments?post=68771"}],"version-history":[{"count":0,"href":"https:\/\/linitiative.ca\/International\/wp-json\/wp\/v2\/posts\/68771\/revisions"}],"wp:attachment":[{"href":"https:\/\/linitiative.ca\/International\/wp-json\/wp\/v2\/media?parent=68771"}],"wp:term":[{"taxonomy":"category","embeddable":true,"href":"https:\/\/linitiative.ca\/International\/wp-json\/wp\/v2\/categories?post=68771"},{"taxonomy":"post_tag","embeddable":true,"href":"https:\/\/linitiative.ca\/International\/wp-json\/wp\/v2\/tags?post=68771"}],"curies":[{"name":"wp","href":"https:\/\/api.w.org\/{rel}","templated":true}]}}