{"id":68772,"date":"2019-11-28T12:24:33","date_gmt":"2019-11-28T17:24:33","guid":{"rendered":"https:\/\/linitiative.ca\/International\/marrakech-safi-jiangsu-vers-une-cooperation-bilaterale\/"},"modified":"2019-11-28T12:24:33","modified_gmt":"2019-11-28T17:24:33","slug":"marrakech-safi-jiangsu-vers-une-cooperation-bilaterale","status":"publish","type":"post","link":"https:\/\/linitiative.ca\/International\/marrakech-safi-jiangsu-vers-une-cooperation-bilaterale\/","title":{"rendered":"Marrakech-Safi-Jiangsu: Vers une coop\u00e9ration bilat\u00e9rale"},"content":{"rendered":"<div class=\"single-featured\"><img alt=\"\" data-src=\"http:\/\/www.mapmarrakech.ma\/map\/uploads\/2019\/11\/cooperatmarrakechchinoi-copier.jpg\"\/><\/div>\n<div class=\"single-post-excerpt post-excerpt-bc\" readability=\"38\">\n<p>Marrakech \u2013 Le renforcement de la coop\u00e9ration bilat\u00e9rale a \u00e9t\u00e9 au centre d\u2019une r\u00e9union, mercredi dans la cit\u00e9 ocre, entre le vice-pr\u00e9sident du conseil de la r\u00e9gion de Marrakech-Safi, Thami Mouhib, et une d\u00e9l\u00e9gation de la province chinoise de Jiangsu.<\/p>\n<\/div>\n<div class=\"entry-content clearfix single-post-content\" readability=\"64\">\n<p>Au cours de ces entretiens, auxquels ont pris part notamment la pr\u00e9sidente de la commission de la coop\u00e9ration et du partenariat au sein du conseil de la r\u00e9gion, Nassima Touati et le directeur de la Maison de l\u2019\u00e9lu, M. Mouhib et les membres de la d\u00e9l\u00e9gation chinoise, conduite par la pr\u00e9sidente du conseil consultatif de la province de Jiangsu, Mme Huang Lixin, ont abord\u00e9 les moyens de promouvoir et de densifier la coop\u00e9ration et le partenariat dans les domaines culturel, de l\u2019\u00e9ducation, de la formation et de la sant\u00e9 et ce, dans le cadre de l\u2019initiative \u00ab\u00a0La Ceinture et la Route\u00a0\u00bb.<\/p>\n<p>Annonc\u00e9e par le pr\u00e9sident chinois, Xi Jinping, en septembre 2013, l\u2019initiative \u00ab\u00a0la Ceinture et la Route\u00a0\u00bb vise \u00e0 stimuler les flux de capitaux, de services et de biens entre la Chine et le reste du monde.<\/p>\n<p>Elle vise plus de 65 pays qui, ensemble, comptent pour 29% du PIB mondial et 63% de la population du globe.<\/p>\n<p>Il s\u2019agit d\u2019un vaste projet commercial et d\u2019infrastructures reliant l\u2019Asie \u00e0 l\u2019Europe et \u00e0 l\u2019Afrique, avec l\u2019objectif d\u2019am\u00e9liorer les infrastructures, de faciliter l\u2019investissement et le commerce, et de fluidifier davantage les \u00e9changes entre les peuples.<\/p>\n<\/div>\n<p>Auteur: Meriem IGASS<br \/>\n<a href=\"http:\/\/www.mapmarrakech.ma\/fr\/cooperation-5\/\">Cliquez ici pour lire l&rsquo;article depuis sa source.<\/a><\/p>\n","protected":false},"excerpt":{"rendered":"<p>Marrakech \u2013 Le renforcement de la coop\u00e9ration bilat\u00e9rale a \u00e9t\u00e9 au centre d\u2019une r\u00e9union, mercredi dans la cit\u00e9 ocre, entre le vice-pr\u00e9sident du conseil de la r\u00e9gion de Marrakech-Safi, Thami Mouhib, et une d\u00e9l\u00e9gation de la province chinoise de Jiangsu. Au cours de ces entretiens, auxquels ont pris part notamment la pr\u00e9sidente de la commission [&hellip;]<\/p>\n","protected":false},"author":1788,"featured_media":68773,"comment_status":"closed","ping_status":"closed","sticky":false,"template":"","format":"standard","meta":{"fifu_image_url":"","fifu_image_alt":"","footnotes":""},"categories":[54,76],"tags":[],"class_list":["post-68772","post","type-post","status-publish","format-standard","has-post-thumbnail","hentry","category-maroc","category-regions"],"_links":{"self":[{"href":"https:\/\/linitiative.ca\/International\/wp-json\/wp\/v2\/posts\/68772","targetHints":{"allow":["GET"]}}],"collection":[{"href":"https:\/\/linitiative.ca\/International\/wp-json\/wp\/v2\/posts"}],"about":[{"href":"https:\/\/linitiative.ca\/International\/wp-json\/wp\/v2\/types\/post"}],"author":[{"embeddable":true,"href":"https:\/\/linitiative.ca\/International\/wp-json\/wp\/v2\/users\/1788"}],"replies":[{"embeddable":true,"href":"https:\/\/linitiative.ca\/International\/wp-json\/wp\/v2\/comments?post=68772"}],"version-history":[{"count":0,"href":"https:\/\/linitiative.ca\/International\/wp-json\/wp\/v2\/posts\/68772\/revisions"}],"wp:featuredmedia":[{"embeddable":true,"href":"https:\/\/linitiative.ca\/International\/wp-json\/"}],"wp:attachment":[{"href":"https:\/\/linitiative.ca\/International\/wp-json\/wp\/v2\/media?parent=68772"}],"wp:term":[{"taxonomy":"category","embeddable":true,"href":"https:\/\/linitiative.ca\/International\/wp-json\/wp\/v2\/categories?post=68772"},{"taxonomy":"post_tag","embeddable":true,"href":"https:\/\/linitiative.ca\/International\/wp-json\/wp\/v2\/tags?post=68772"}],"curies":[{"name":"wp","href":"https:\/\/api.w.org\/{rel}","templated":true}]}}