{"id":68776,"date":"2019-11-28T10:07:12","date_gmt":"2019-11-28T15:07:12","guid":{"rendered":"https:\/\/linitiative.ca\/International\/ain-defla-marche-dadhesion-dagriculteurs-au-deroulement-des-prochaines-elections-presidentielles\/"},"modified":"2019-11-28T10:07:12","modified_gmt":"2019-11-28T15:07:12","slug":"ain-defla-marche-dadhesion-dagriculteurs-au-deroulement-des-prochaines-elections-presidentielles","status":"publish","type":"post","link":"https:\/\/linitiative.ca\/International\/ain-defla-marche-dadhesion-dagriculteurs-au-deroulement-des-prochaines-elections-presidentielles\/","title":{"rendered":"A\u00efn Defla: marche d\u2019adh\u00e9sion d&rsquo;agriculteurs au d\u00e9roulement des prochaines \u00e9lections pr\u00e9sidentielles"},"content":{"rendered":"<div readability=\"36\">\n<p><strong>AIN DEFLA &#8211; Des agriculteurs ont marche jeudi \u00e0 Ain Defla en guise de soutien \u00e0 l&rsquo;\u00e9lection pr\u00e9sidentielle du 12 d\u00e9cembre prochain, rejetant avec v\u00e9h\u00e9mence toute forme d&rsquo;ing\u00e9rence \u00e9trang\u00e8re dans les affaires internes du pays sous quelque pr\u00e9texte que ce soit, a-t-on constate.<\/strong><\/p>\n<\/div>\n<div readability=\"79\">\n<p>Drap\u00e9s de l&#8217;embl\u00e8me national et entonnant des slogans patriotiques, ces agriculteurs auxquels se sont joints des citoyens et des repr\u00e9sentants du mouvement associatif, ont battu le pav\u00e9 \u00e0 partir de la salle omnisports \u00ab\u00a0Abdelkader Hamdoud\u00a0\u00bb, terminant leur marche au niveau de la place des martyrs du centre-ville.<\/p>\n<p>Ils ont, \u00e0 l\u2019unisson, mis en \u00e9vidence l&rsquo;importance des prochaines \u00e9lections pr\u00e9sidentielles, soutenant qu\u2019elles constituent la solution idoine pour sortir de la crise dans laquelle se d\u00e9bat le pays.<\/p>\n<p>Tout en scandant \u00e0 gorges d\u00e9ploy\u00e9es \u00ab\u00a0Djeich-cha\u00e2b, khawa, khawa\u00a0\u00bb (arm\u00e9e et peuple sont fr\u00e8res), ils n&rsquo;ont pas manqu\u00e9, \u00e0 l&rsquo;occasion, de rendre un vibrant hommage a l&rsquo;institution militaire, rappelant que c&rsquo;est l ANP qui est garante de l\u2019unit\u00e9 et de la stabilit\u00e9 du pays.<\/p>\n<p>Intervenant \u00e0 l\u2019occasion, le pr\u00e9sident de la Chambre d\u2019Agriculture d\u2019A\u00efn Defla, Hadj Dja\u00e2lali, a appel\u00e9 la population de A\u00efn Defla \u00e0 \u00ab\u00a0investir\u00a0\u00bb les bureaux de vote le 12 d\u00e9cembre prochain afin de donner sa voix au candidat qu&rsquo;elle juge le plus \u00e0 m\u00eame de diriger le pays dans cette conjoncture particuli\u00e8rement difficile.<\/p>\n<p>Il a, par ailleurs, salu\u00e9 l&rsquo;Arm\u00e9e pour les efforts d\u00e9ploy\u00e9s en mati\u00e8re de d\u00e9fense des fronti\u00e8res du pays et de pr\u00e9servation de la qui\u00e9tude des citoyens, fustigeant toutes les tentatives appelant \u00e0 l&rsquo;ing\u00e9rence dans les affaires internes du pays.<\/p>\n<p>\u00ab\u00a0Il y a des jeunes (des militaires appel\u00e9s, n.d.l.r) qui n&rsquo;ont pas vu leur famille depuis plus de six mois car menant une noble mission de d\u00e9fense du pays et ceci est r\u00e9v\u00e9lateur du degr\u00e9 de sacrifices dont sont imbus nos militaires et c&rsquo;est, entres autres, l&rsquo;une des raisons qui ne peut que nous inciter \u00e0 saluer le travail accompli par l&rsquo;institution militaire\u00a0\u00bb, a-t-il dit en substance.<\/p>\n<\/div>\n<p>Auteur:<br \/>\n<a href=\"http:\/\/www.aps.dz\/regions\/98153-ain-defla-marche-d-adhesion-d-agriculteurs-au-deroulement-des-prochaines-elections-presidentielles\">Cliquez ici pour lire l&rsquo;article depuis sa source.<\/a><\/p>\n","protected":false},"excerpt":{"rendered":"<p>AIN DEFLA &#8211; Des agriculteurs ont marche jeudi \u00e0 Ain Defla en guise de soutien \u00e0 l&rsquo;\u00e9lection pr\u00e9sidentielle du 12 d\u00e9cembre prochain, rejetant avec v\u00e9h\u00e9mence toute forme d&rsquo;ing\u00e9rence \u00e9trang\u00e8re dans les affaires internes du pays sous quelque pr\u00e9texte que ce soit, a-t-on constate. Drap\u00e9s de l&#8217;embl\u00e8me national et entonnant des slogans patriotiques, ces agriculteurs auxquels [&hellip;]<\/p>\n","protected":false},"author":1790,"featured_media":0,"comment_status":"closed","ping_status":"closed","sticky":false,"template":"","format":"standard","meta":{"fifu_image_url":"","fifu_image_alt":"","footnotes":""},"categories":[53,76],"tags":[],"class_list":["post-68776","post","type-post","status-publish","format-standard","hentry","category-algerie","category-regions"],"_links":{"self":[{"href":"https:\/\/linitiative.ca\/International\/wp-json\/wp\/v2\/posts\/68776","targetHints":{"allow":["GET"]}}],"collection":[{"href":"https:\/\/linitiative.ca\/International\/wp-json\/wp\/v2\/posts"}],"about":[{"href":"https:\/\/linitiative.ca\/International\/wp-json\/wp\/v2\/types\/post"}],"author":[{"embeddable":true,"href":"https:\/\/linitiative.ca\/International\/wp-json\/wp\/v2\/users\/1790"}],"replies":[{"embeddable":true,"href":"https:\/\/linitiative.ca\/International\/wp-json\/wp\/v2\/comments?post=68776"}],"version-history":[{"count":0,"href":"https:\/\/linitiative.ca\/International\/wp-json\/wp\/v2\/posts\/68776\/revisions"}],"wp:attachment":[{"href":"https:\/\/linitiative.ca\/International\/wp-json\/wp\/v2\/media?parent=68776"}],"wp:term":[{"taxonomy":"category","embeddable":true,"href":"https:\/\/linitiative.ca\/International\/wp-json\/wp\/v2\/categories?post=68776"},{"taxonomy":"post_tag","embeddable":true,"href":"https:\/\/linitiative.ca\/International\/wp-json\/wp\/v2\/tags?post=68776"}],"curies":[{"name":"wp","href":"https:\/\/api.w.org\/{rel}","templated":true}]}}