{"id":68778,"date":"2019-11-28T09:51:37","date_gmt":"2019-11-28T14:51:37","guid":{"rendered":"https:\/\/linitiative.ca\/International\/la-map-meilleure-agence-de-presse-arabe-pour-2019\/"},"modified":"2019-11-28T09:51:37","modified_gmt":"2019-11-28T14:51:37","slug":"la-map-meilleure-agence-de-presse-arabe-pour-2019","status":"publish","type":"post","link":"https:\/\/linitiative.ca\/International\/la-map-meilleure-agence-de-presse-arabe-pour-2019\/","title":{"rendered":"La MAP, meilleure Agence de Presse Arabe pour 2019"},"content":{"rendered":"<p class=\"c4\">L\u2019Agence Marocaine de Presse (MAP) a remport\u00e9, mercredi soir \u00e0 Marrakech, le Prix de la meilleure Agence de presse arabe pour l\u2019ann\u00e9e 2019 (Best Arabian News Agency of the Year 2019) dans la cat\u00e9gorie \u00ab\u00a0Patrimoine et M\u00e9dias\u00a0\u00bb de la 4\u00e8me \u00e9dition du G2T Global Awards.<\/p>\n<p class=\"c4\">Ce prestigieux Prix, qui r\u00e9compense le parcours honorable et louable de l\u2019Agence ainsi que sa contribution significative aux champs m\u00e9diatique national et arabe, a \u00e9t\u00e9 remis au Directeur g\u00e9n\u00e9ral de la MAP, M. Khalil Hachimi Idrissi, lors d\u2019une c\u00e9r\u00e9monie grandiose rehauss\u00e9e par la pr\u00e9sence d\u2019un parterre d\u2019\u00e9minentes personnalit\u00e9s nationales et arabes, issues de diff\u00e9rents horizons.<\/p>\n<p class=\"c4\">\u00ab\u00a0La distinction de l\u2019Agence Marocaine de Presse par la communaut\u00e9 professionnelle arabe comme \u00e9tant la meilleure Agence de presse du monde arabe pour l\u2019ann\u00e9e 2019 est quelque chose qui r\u00e9chauffe le c\u0153ur\u00a0\u00bb, s\u2019est f\u00e9licit\u00e9 M. Hachimi Idrissi dans une d\u00e9claration \u00e0 la MAP, notant que cette distinction vient \u00e0 temps, car elle co\u00efncide avec le 60\u00e8me anniversaire de l\u2019Agence.<\/p>\n<p class=\"c4\">\u00ab\u00a0Ce Prix, qui honore une \u00e9quipe et un projet, distingue et magnifie des r\u00e9alisations concr\u00e8tes et mesurables. C\u2019est la raison pour laquelle nous estimons que cette distinction est l\u00e9gitime\u00a0\u00bb, a soulign\u00e9 M. Hachimi Idrissi.<\/p>\n<p class=\"c4\">Dans une d\u00e9claration similaire, le secr\u00e9taire g\u00e9n\u00e9ral du G2T Global Awards, Abdellah Abdelkarim, a indiqu\u00e9 que ce Prix d\u00e9cern\u00e9 \u00e0 la MAP est \u00ab\u00a0une reconnaissance\u00a0\u00bb des \u00e9normes efforts d\u00e9ploy\u00e9s par cette Agence pionni\u00e8re qui joue un r\u00f4le leader sur la sc\u00e8ne m\u00e9diatique arabe.<\/p>\n<p class=\"c4\">Il a, dans ce sens, mis en avant le professionnalisme de la MAP, l\u2019excellence de ses produits et sa large couverture m\u00e9diatique qui touche les quatre coins du monde.<\/p>\n<p class=\"c4\">Ce Prix, lanc\u00e9 en 2016, vise notamment \u00e0 renforcer les r\u00e9alisations et \u00e0 encourager l\u2019excellence en mati\u00e8re d\u2019initiative et de gestion dans les diff\u00e9rents domaines \u00e0 l\u2019\u00e9chelle arabe et \u00e0 contribuer au renforcement des capacit\u00e9s et du savoir sur le plan arabe, a-t-il ajout\u00e9.<\/p>\n<p class=\"c4\">Des personnalit\u00e9s et \u00e9tablissements marocains et arabes ont \u00e9galement remport\u00e9 des prix dans diff\u00e9rentes cat\u00e9gories du G2T Global Awards, r\u00e9compensant les efforts consentis dans les domaines \u00e9conomique, financier, culturel, m\u00e9diatique, social et sportif dans le monde arabe.<\/p>\n<p class=\"c4\">Avec ses 12 p\u00f4les r\u00e9gionaux et son r\u00e9seau international avec ses 13 p\u00f4les, la MAP se pr\u00e9sente d\u00e9sormais en tant qu\u2019agence du 21\u00e8 si\u00e8cle qui, forte du professionnalisme de ses \u00e9quipes et de son management, joue un r\u00f4le central dans le paysage m\u00e9diatique national et continental.<\/p>\n<p class=\"c4\">Tout en d\u00e9veloppant son offre pour r\u00e9pondre aux attentes de toutes les composantes de la soci\u00e9t\u00e9, la MAP continue \u00e0 jouer son r\u00f4le de service public, offrant aux clients une information cr\u00e9dible, fiable et de proximit\u00e9, en accord avec son objectif d\u2019\u00eatre une agence leader sur le plan africain et active sur le plan international.<\/p>\n<p class=\"c4\">Gr\u00e2ce \u00e0 son expertise r\u00e9dactionnelle appuy\u00e9e par l\u2019int\u00e9gration des nouvelles technologies de l\u2019information et de la communication, la MAP fournit une information v\u00e9rifi\u00e9e, recoup\u00e9e, compl\u00e8te, r\u00e9pondant aux normes professionnelles reconnues sous plusieurs formats (texte, photo, vid\u00e9o, audio et infographie) et en cinq langues (arabe, amazighe, fran\u00e7aise, anglaise et espagnole), 24\/7.<\/p>\n<p class=\"c4\">La MAP est aujourd\u2019hui pr\u00e9sente sur les r\u00e9seaux sociaux, les applications mobiles, le web et sur la place publique via M24 TV. Forte de ses r\u00e9seaux de correspondants en r\u00e9gion et dans le monde, elle est aujourd\u2019hui l\u2019outil incontournable de l\u2019information nationale et r\u00e9gionale \u00e0 haute valeur professionnelle et d\u00e9ontologique.<\/p>\n<p>Auteur: Soufiane ELAHMAR<br \/>\n<a href=\"http:\/\/www.mapoujda.ma\/fr\/la-map-meilleure-agence-de-presse-arabe-pour-2019\/\">Cliquez ici pour lire l&rsquo;article depuis sa source.<\/a><\/p>\n","protected":false},"excerpt":{"rendered":"<p>L\u2019Agence Marocaine de Presse (MAP) a remport\u00e9, mercredi soir \u00e0 Marrakech, le Prix de la meilleure Agence de presse arabe pour l\u2019ann\u00e9e 2019 (Best Arabian News Agency of the Year 2019) dans la cat\u00e9gorie \u00ab\u00a0Patrimoine et M\u00e9dias\u00a0\u00bb de la 4\u00e8me \u00e9dition du G2T Global Awards. Ce prestigieux Prix, qui r\u00e9compense le parcours honorable et louable [&hellip;]<\/p>\n","protected":false},"author":1788,"featured_media":0,"comment_status":"closed","ping_status":"closed","sticky":false,"template":"","format":"standard","meta":{"fifu_image_url":"","fifu_image_alt":"","footnotes":""},"categories":[54,76],"tags":[],"class_list":["post-68778","post","type-post","status-publish","format-standard","hentry","category-maroc","category-regions"],"_links":{"self":[{"href":"https:\/\/linitiative.ca\/International\/wp-json\/wp\/v2\/posts\/68778","targetHints":{"allow":["GET"]}}],"collection":[{"href":"https:\/\/linitiative.ca\/International\/wp-json\/wp\/v2\/posts"}],"about":[{"href":"https:\/\/linitiative.ca\/International\/wp-json\/wp\/v2\/types\/post"}],"author":[{"embeddable":true,"href":"https:\/\/linitiative.ca\/International\/wp-json\/wp\/v2\/users\/1788"}],"replies":[{"embeddable":true,"href":"https:\/\/linitiative.ca\/International\/wp-json\/wp\/v2\/comments?post=68778"}],"version-history":[{"count":0,"href":"https:\/\/linitiative.ca\/International\/wp-json\/wp\/v2\/posts\/68778\/revisions"}],"wp:attachment":[{"href":"https:\/\/linitiative.ca\/International\/wp-json\/wp\/v2\/media?parent=68778"}],"wp:term":[{"taxonomy":"category","embeddable":true,"href":"https:\/\/linitiative.ca\/International\/wp-json\/wp\/v2\/categories?post=68778"},{"taxonomy":"post_tag","embeddable":true,"href":"https:\/\/linitiative.ca\/International\/wp-json\/wp\/v2\/tags?post=68778"}],"curies":[{"name":"wp","href":"https:\/\/api.w.org\/{rel}","templated":true}]}}