{"id":68779,"date":"2019-11-28T13:05:54","date_gmt":"2019-11-28T18:05:54","guid":{"rendered":"https:\/\/linitiative.ca\/International\/rabehi-annonce-des-mesures-durgence-pour-la-restauration-de-lhotel-es-safir\/"},"modified":"2019-11-28T13:05:54","modified_gmt":"2019-11-28T18:05:54","slug":"rabehi-annonce-des-mesures-durgence-pour-la-restauration-de-lhotel-es-safir","status":"publish","type":"post","link":"https:\/\/linitiative.ca\/International\/rabehi-annonce-des-mesures-durgence-pour-la-restauration-de-lhotel-es-safir\/","title":{"rendered":"Rabehi annonce des mesures d&rsquo;urgence pour la restauration de l&rsquo;H\u00f4tel Es-Safir"},"content":{"rendered":"<div readability=\"39\">\n<p><strong>ALGER &#8211; Le ministre de la Communication, porte-parole du gouvernement et ministre de la Culture par int\u00e9rim, Hassane Rabehi, a annonc\u00e9, jeudi \u00e0 Alger, de nouvelles mesures pour lever toutes les entraves administratives retardant le parach\u00e8vement des travaux de restauration de l&rsquo;H\u00f4tel Es-Safir.<\/strong><\/p>\n<\/div>\n<div readability=\"70.7229357798\">\n<p>Des mesures ont \u00e9t\u00e9 prises pour lever toutes les entraves administratives retardant le\u00a0 parach\u00e8vement des travaux de sout\u00e8nement des fondations de l&rsquo;immeuble de l&rsquo;H\u00f4tel Es-Safir dans son c\u00f4t\u00e9 adjacent \u00e0 la salle de cin\u00e9ma \u00ab\u00a0El Mougar\u00a0\u00bb, a fait savoir M. Rabehi lors d&rsquo;une visite d&rsquo;inspection au projet de restauration et de modernisation de l&rsquo;H\u00f4tel Es-Safir (Alger-centre), en compagnie du wali Abdelkhalek Sayouda et de responsables du minist\u00e8re du Tourisme.<\/p>\n<blockquote readability=\"7\">\n<p><em><strong>Ce projet entre dans le cadre des op\u00e9rations de modernisation de plusieurs structures h\u00f4teli\u00e8res publiques pour offrir des espaces touristiques de qualit\u00e9 dans la capitale, a-t-il indiqu\u00e9.<\/strong><\/em><\/p>\n<\/blockquote>\n<p>De son c\u00f4t\u00e9, le repr\u00e9sentant du minist\u00e8re du Tourisme et de l&rsquo;Artisanat, Zoubir Mohamed Sofiane, a d\u00e9clar\u00e9 que l&rsquo;H\u00f4tel Es-Safir, une fois ses travaux termin\u00e9s durant le premier semestre de 2021, sera class\u00e9 en Palace (5 \u00e9toiles), premier du genre en Alg\u00e9rie \u00e0 offrir des prestations de rang mondial.<\/p>\n<hr\/>\n<h3>Lire aussi:\u00a0<a href=\"http:\/\/www.aps.dz\/economie\/95028-renforcer-le-partenariat-entre-les-artisans-et-les-hoteliers-pour-promouvoir-le-produit-artisanal\" target=\"_blank\" rel=\"noopener noreferrer\">Artisans et h\u00f4teliers ensemble pour promouvoir le produit artisanal<\/a><\/h3>\n<hr\/>\n<p>S&rsquo;inscrivant dans le cadre de la modernisation de plus de 70 \u00e9tablissements h\u00f4teliers relevant du Groupe H\u00f4tellerie, Tourisme et Thermalisme (HTT), le projet de r\u00e9habilitation et de r\u00e9novation de l&rsquo;h\u00f4tel \u00ab\u00a0Es-Safir\u00a0\u00bb connait un rythme d&rsquo;avancement \u00ab\u00a0positif\u00a0\u00bb, a indiqu\u00e9 M. Zoubir, faisant \u00e9tat de la r\u00e9ception de plusieurs \u00e9tablissements \u00e0 Oran, Boussa\u00e2da et Ain Salah.<\/p>\n<blockquote readability=\"13\">\n<p><em><strong>Le m\u00eame responsable a rappel\u00e9 l&rsquo;enregistrement de plus de 2200 projets touristiques, tous types confondus, pour un co\u00fbt de plus de 1.500 milliards DA, dont des investissements 100% alg\u00e9riens, et autres r\u00e9alis\u00e9s en partenariat avec des \u00e9trangers. Le taux de r\u00e9alisation a atteint 70%, a-t-il dit.<\/strong><\/em><\/p>\n<\/blockquote>\n<p>Pour sa part, le wali d&rsquo;Alger, Abdelkhalek Sayouda a salu\u00e9 la d\u00e9cision du ministre de la Communication portant mesures d&rsquo;urgence pour le parach\u00e8vement des travaux de sout\u00e8nement des fondations de l&rsquo;immeuble de l&rsquo;H\u00f4tel Es-Safir dans le c\u00f4t\u00e9 adjacent \u00e0 la salle de cin\u00e9ma \u00ab\u00a0El Mougar\u00a0\u00bb, de fa\u00e7on \u00e0 permettre \u00e0 l&rsquo;entreprise de r\u00e9alisation alg\u00e9ro-italienne d&rsquo;acc\u00e9l\u00e9rer le rythme de r\u00e9alisation et de rattraper ce retard accus\u00e9.<\/p>\n<\/div>\n<p>Auteur:<br \/>\n<a href=\"http:\/\/www.aps.dz\/regions\/98180-rabehi-annonce-des-mesures-d-urgence-pour-la-restauration-de-l-hotel-es-safir\">Cliquez ici pour lire l&rsquo;article depuis sa source.<\/a><\/p>\n","protected":false},"excerpt":{"rendered":"<p>ALGER &#8211; Le ministre de la Communication, porte-parole du gouvernement et ministre de la Culture par int\u00e9rim, Hassane Rabehi, a annonc\u00e9, jeudi \u00e0 Alger, de nouvelles mesures pour lever toutes les entraves administratives retardant le parach\u00e8vement des travaux de restauration de l&rsquo;H\u00f4tel Es-Safir. Des mesures ont \u00e9t\u00e9 prises pour lever toutes les entraves administratives retardant [&hellip;]<\/p>\n","protected":false},"author":1790,"featured_media":0,"comment_status":"closed","ping_status":"closed","sticky":false,"template":"","format":"standard","meta":{"fifu_image_url":"","fifu_image_alt":"","footnotes":""},"categories":[53,76],"tags":[],"class_list":["post-68779","post","type-post","status-publish","format-standard","hentry","category-algerie","category-regions"],"_links":{"self":[{"href":"https:\/\/linitiative.ca\/International\/wp-json\/wp\/v2\/posts\/68779","targetHints":{"allow":["GET"]}}],"collection":[{"href":"https:\/\/linitiative.ca\/International\/wp-json\/wp\/v2\/posts"}],"about":[{"href":"https:\/\/linitiative.ca\/International\/wp-json\/wp\/v2\/types\/post"}],"author":[{"embeddable":true,"href":"https:\/\/linitiative.ca\/International\/wp-json\/wp\/v2\/users\/1790"}],"replies":[{"embeddable":true,"href":"https:\/\/linitiative.ca\/International\/wp-json\/wp\/v2\/comments?post=68779"}],"version-history":[{"count":0,"href":"https:\/\/linitiative.ca\/International\/wp-json\/wp\/v2\/posts\/68779\/revisions"}],"wp:attachment":[{"href":"https:\/\/linitiative.ca\/International\/wp-json\/wp\/v2\/media?parent=68779"}],"wp:term":[{"taxonomy":"category","embeddable":true,"href":"https:\/\/linitiative.ca\/International\/wp-json\/wp\/v2\/categories?post=68779"},{"taxonomy":"post_tag","embeddable":true,"href":"https:\/\/linitiative.ca\/International\/wp-json\/wp\/v2\/tags?post=68779"}],"curies":[{"name":"wp","href":"https:\/\/api.w.org\/{rel}","templated":true}]}}