{"id":68780,"date":"2019-11-28T15:14:23","date_gmt":"2019-11-28T20:14:23","guid":{"rendered":"https:\/\/linitiative.ca\/International\/ligue-des-champions-jsk-vita-club-demain-a-17h00-saadou-notre-objectif-cest-de-demarrer-en-force-cette-phase-de-poules\/"},"modified":"2019-11-28T15:14:23","modified_gmt":"2019-11-28T20:14:23","slug":"ligue-des-champions-jsk-vita-club-demain-a-17h00-saadou-notre-objectif-cest-de-demarrer-en-force-cette-phase-de-poules","status":"publish","type":"post","link":"https:\/\/linitiative.ca\/International\/ligue-des-champions-jsk-vita-club-demain-a-17h00-saadou-notre-objectif-cest-de-demarrer-en-force-cette-phase-de-poules\/","title":{"rendered":"Ligue des Champions : JSK &#8211; Vita club (demain \u00e0 17h00 ) : Saadou : \u00abNotre objectif c\u2019est de d\u00e9marrer en force cette phase de poules\u00bb"},"content":{"rendered":"<div readability=\"32\">\n<p>Auteur : <span>Ly\u00e8s A.<\/span> <span class=\"time\">jeudi 28 novembre 2019 14:54<\/span><\/p>\n<\/div>\n<div id=\"post_core\" readability=\"63\">\n<p>Nabil Saadou, le capitaine de la formation du Djurdjura, revient \u00e0 la comp\u00e9tition ce week-end \u00e0 l\u2019occasion du match JSK- Vita Club comptant pour la premi\u00e8re journ\u00e9e de la phase de poules. Absent samedi dernier, face\u00a0 \u00e0 la JSS en championnat pour cause de suspension, Saadou estime que, lui et ses partenaires, sont pr\u00eats pour d\u00e9buter cette phase de poules par une belle victoire. Il a soulign\u00e9 que la concurrence dans ce groupe A sera tr\u00e8s serr\u00e9e mais la JSK ne l\u00e9sinera sur rien pour atteindre le prochain tour.<\/p>\n<p><strong>J-1 de votre premier match de la phase de poules de Ligue des champions, peut-on savoir comment s\u2019est d\u00e9roul\u00e9e votre pr\u00e9paration ?<\/strong><br \/>Je vous assure que notre pr\u00e9paration de ce premier match de la phase de\u00a0 poules a \u00e9t\u00e9 pr\u00e9par\u00e9e dans de tr\u00e8s bonnes conditions. Il y a de la s\u00e9r\u00e9nit\u00e9 dans le groupe et tout le monde est concentr\u00e9 sur le travail. Nous voulons que cette premi\u00e8re sortie soit une r\u00e9ussite pour nous afin de g\u00e9rer la comp\u00e9tition avec beaucoup de d\u00e9termination et de volont\u00e9 pour aller tr\u00e8s loin. Tout se passe bien au sein du groupe et d\u2019ici vendredi on sera pr\u00eats pour la confrontation.<br \/><strong>C\u2019est contre une \u00e9quipe du Congo, le Vita Club notamment, que vous d\u00e9butez l\u2019\u00e9tape des poules, comment voyez-vous ce match ?<\/strong><br \/>C\u2019est un match tr\u00e8s difficile qui nous attend pour commencer notre mission en phase de\u00a0 poules. L\u2019\u00e9quipe du Vita Club n\u2019est pas \u00e0 pr\u00e9senter et de notre c\u00f4t\u00e9 c\u2019est la grande mobilisation aussi. Toutes les conditions sont r\u00e9unies pour r\u00e9ussir un bon r\u00e9sultat, les joueurs\u00a0 sont conscients de l\u2019importance de cette rencontre qu\u2019on doit imp\u00e9rativement remporter.<br \/><strong>Donc vous semblez avoir tourn\u00e9 la page du\u00a0\u00a0 faux pas contre la JSS \u2026<\/strong><br \/>Oui, toute l\u2019\u00e9quipe est actuellement dans le match de vendredi contre Vita Club. Notre\u00a0\u00a0 faux pas \u00e0 domicile face \u00e0 la JSS n\u2019a pas eu une influence n\u00e9gative sur le groupe et nous sommes d\u00e9termin\u00e9s \u00e0 gagner ce vendredi. Les deux comp\u00e9titions n\u2019ont aucune ressemblance, c\u2019est un match de Ligue des champions, nous sommes motiv\u00e9s \u00e0 le gagner et c\u2019est le meilleur r\u00e9sultat pour entamer ce parcours africain.<br \/><strong>Vous \u00e9tiez absent pour cause de suspension, vous revenez dans l\u2019\u00e9quipe ce week-end, \u00eates-vous pr\u00eat ?<\/strong><br \/>Exactement, je n\u2019ai pas pris part au dernier match de championnat \u00e0 cause de ma suspension mais je suis pr\u00eat pour retrouver ma place d\u00e8s ce week-end. J\u2019ai effectu\u00e9 ma pr\u00e9paration avec l\u2019\u00e9quipe normalement et je me sens\u00a0 motiv\u00e9 comme tous les autres \u00e0 r\u00e9ussir un bon match. Tout le groupe va se donner \u00e0 fond pour que les trois points de la victoire restent \u00e0 Tizi.<br \/><strong>La d\u00e9fense est rest\u00e9e solide ces deux derniers matchs, c\u2019est un point positif avant Vita Club ?<\/strong><br \/>Effectivement, la d\u00e9fense a tenu bon lors des deux pr\u00e9c\u00e9dentes journ\u00e9es en championnat et nous allons maintenir cette performance aussi face au Vita Club. Souyed et Tizi Bouali ont \u00e9t\u00e9 \u00e0 la hauteur et maintenant il va falloir le confirmer moi et Tizi Bouali aussi puisque Souyed sera absent. Nous sommes tous pr\u00eats et seule la victoire nous int\u00e9resse.<br \/><strong>A votre avis, comment trouvez-vous vos chances de passer dans un groupe qualifi\u00e9 de plus relev\u00e9 ?<\/strong><br \/>C\u2019est vrai que nous avons h\u00e9rit\u00e9 du groupe le plus solide et le plus relev\u00e9 de tous les autres. Il y a le Vita Club et les deux voisins, l\u2019ES Tunis et le Raja de Casablanca. \u00c7a donnera in\u00e9vitablement de belles affiches durant la phase de\u00a0 poules. J\u2019estime que tous les clubs partent \u00e0 chances \u00e9gales et de notre c\u00f4t\u00e9 nous ferons le maximum pour nous qualifier au prochain tour.<br \/><strong>Vous retrouverez \u00e0 l\u2019occasion vos supporters qui vous ont manqu\u00e9 depuis le match du CRB \u00e0 Tizi ; un commentaire ?<\/strong><br \/>C\u2019est vraiment extraordinaire de jouer ce match \u00e0 Tizi et devant nos milliers de supporters qui nous ont beaucoup manqu\u00e9 ces derniers temps. On sera tr\u00e8s motiv\u00e9s de les voir venir tr\u00e8s nombreux car cela constituera un atout en plus pour pouvoir l\u2019emporter. Je demande aux supporters de venir nombreux mais surtout de montrer qu\u2019ils sont fair-play et la JSK a un statut et un nom \u00e0 d\u00e9fendre \u00e0 travers le continent.<\/p>\n<p><strong>Publi\u00e9 dans :<\/strong> <span>JSK<\/span> <span>CRB<\/span> <span>Vita Club<\/span> <span>Sa\u00e2dou<\/span><\/p>\n<\/div>\n<p>Auteur:<br \/>\n<a href=\"http:\/\/www.lebuteur.com\/article\/detail?titre=jsk-vita-club-demain-a-17h00-saadou-notre-objectif-cest-de-demarrer-en-force-cette-phase-de-poules&#038;id=93235&#038;utm_source=feedburner&#038;utm_medium=feed&#038;utm_campaign=Feed%3A+GalerieFArtciles+%28Les+derniers+articles++-+lebuteur.com%29\">Cliquez ici pour lire l&rsquo;article depuis sa source.<\/a><\/p>\n","protected":false},"excerpt":{"rendered":"<p>Auteur : Ly\u00e8s A. jeudi 28 novembre 2019 14:54 Nabil Saadou, le capitaine de la formation du Djurdjura, revient \u00e0 la comp\u00e9tition ce week-end \u00e0 l\u2019occasion du match JSK- Vita Club comptant pour la premi\u00e8re journ\u00e9e de la phase de poules. Absent samedi dernier, face\u00a0 \u00e0 la JSS en championnat pour cause de suspension, Saadou [&hellip;]<\/p>\n","protected":false},"author":1738,"featured_media":68781,"comment_status":"closed","ping_status":"closed","sticky":false,"template":"","format":"standard","meta":{"fifu_image_url":"","fifu_image_alt":"","footnotes":""},"categories":[53,75],"tags":[],"class_list":["post-68780","post","type-post","status-publish","format-standard","has-post-thumbnail","hentry","category-algerie","category-sport"],"_links":{"self":[{"href":"https:\/\/linitiative.ca\/International\/wp-json\/wp\/v2\/posts\/68780","targetHints":{"allow":["GET"]}}],"collection":[{"href":"https:\/\/linitiative.ca\/International\/wp-json\/wp\/v2\/posts"}],"about":[{"href":"https:\/\/linitiative.ca\/International\/wp-json\/wp\/v2\/types\/post"}],"author":[{"embeddable":true,"href":"https:\/\/linitiative.ca\/International\/wp-json\/wp\/v2\/users\/1738"}],"replies":[{"embeddable":true,"href":"https:\/\/linitiative.ca\/International\/wp-json\/wp\/v2\/comments?post=68780"}],"version-history":[{"count":0,"href":"https:\/\/linitiative.ca\/International\/wp-json\/wp\/v2\/posts\/68780\/revisions"}],"wp:featuredmedia":[{"embeddable":true,"href":"https:\/\/linitiative.ca\/International\/wp-json\/"}],"wp:attachment":[{"href":"https:\/\/linitiative.ca\/International\/wp-json\/wp\/v2\/media?parent=68780"}],"wp:term":[{"taxonomy":"category","embeddable":true,"href":"https:\/\/linitiative.ca\/International\/wp-json\/wp\/v2\/categories?post=68780"},{"taxonomy":"post_tag","embeddable":true,"href":"https:\/\/linitiative.ca\/International\/wp-json\/wp\/v2\/tags?post=68780"}],"curies":[{"name":"wp","href":"https:\/\/api.w.org\/{rel}","templated":true}]}}