{"id":68782,"date":"2019-11-28T15:14:25","date_gmt":"2019-11-28T20:14:25","guid":{"rendered":"https:\/\/linitiative.ca\/International\/international-real-madrid-operation-blindage-pour-fede-valverde\/"},"modified":"2019-11-28T15:14:25","modified_gmt":"2019-11-28T20:14:25","slug":"international-real-madrid-operation-blindage-pour-fede-valverde","status":"publish","type":"post","link":"https:\/\/linitiative.ca\/International\/international-real-madrid-operation-blindage-pour-fede-valverde\/","title":{"rendered":"International : Real Madrid : Op\u00e9ration blindage pour Fede Valverde"},"content":{"rendered":"<div readability=\"32\">\n<p>Auteur : <span class=\"time\">jeudi 28 novembre 2019 16:30<\/span><\/p>\n<\/div>\n<div id=\"post_core\" readability=\"49\">\n<p>Align\u00e9 aux c\u00f4t\u00e9s de Toni Kroos et Casemiro dans l\u2019entrejeu, Federico Valverde fait le bonheur de la Casa Blanca gr\u00e2ce \u00e0 ses qualit\u00e9s de passes et son abattage. L\u2019international uruguayen est parvenu \u00e0 faire oublier Luka Modric, mais aussi d\u2019autres concurrents potentiels comme Isco ou James Rodriguez. Une importance dont les dirigeants madril\u00e8nes se sont rendus compte. Selon\u00a0Les-Transferts, le Real Madrid a d\u2019ores et d\u00e9j\u00e0 act\u00e9 la prolongation de Federico Valverde. Sous contrat jusqu\u2019en juin 2021, le milieu de 21 ans aurait ainsi prolong\u00e9 son bail jusqu\u2019en juin 2025.<\/p>\n<p>Outre un salaire qui devra \u00e9galement \u00e9voluer, le natif de Montevideo disposerait d\u00e9sormais d\u2019une clause lib\u00e9ratoire de 750 millions d\u2019euros ! Un montant suffisant pour refroidir ses \u00e9ventuels pr\u00e9tendants. La m\u00eame source annonce toutefois que que ni le joueur ni le club ne souhaitent se s\u00e9parer. Pr\u00e9sent au club depuis l\u2019\u00e2ge de 16 ans, l\u2019ancien joueur de Pe\u00f1arol a un accord moral avec le club, \u00e0 qui il jure fid\u00e9lit\u00e9. Une bonne nouvelle pour Zinedine Zidane et les supporters merengues.<\/p>\n<p><strong>Publi\u00e9 dans :<\/strong> <span>real madrid<\/span> <span>Fede Valverde<\/span><\/p>\n<\/div>\n<p>Auteur:<br \/>\n<a href=\"http:\/\/www.lebuteur.com\/article\/detail?titre=real-madrid-operation-blindage-pour-fede-valverde&#038;id=93243&#038;utm_source=feedburner&#038;utm_medium=feed&#038;utm_campaign=Feed%3A+GalerieFArtciles+%28Les+derniers+articles++-+lebuteur.com%29\">Cliquez ici pour lire l&rsquo;article depuis sa source.<\/a><\/p>\n","protected":false},"excerpt":{"rendered":"<p>Auteur : jeudi 28 novembre 2019 16:30 Align\u00e9 aux c\u00f4t\u00e9s de Toni Kroos et Casemiro dans l\u2019entrejeu, Federico Valverde fait le bonheur de la Casa Blanca gr\u00e2ce \u00e0 ses qualit\u00e9s de passes et son abattage. L\u2019international uruguayen est parvenu \u00e0 faire oublier Luka Modric, mais aussi d\u2019autres concurrents potentiels comme Isco ou James Rodriguez. Une [&hellip;]<\/p>\n","protected":false},"author":1738,"featured_media":68783,"comment_status":"closed","ping_status":"closed","sticky":false,"template":"","format":"standard","meta":{"fifu_image_url":"","fifu_image_alt":"","footnotes":""},"categories":[53,75],"tags":[],"class_list":["post-68782","post","type-post","status-publish","format-standard","has-post-thumbnail","hentry","category-algerie","category-sport"],"_links":{"self":[{"href":"https:\/\/linitiative.ca\/International\/wp-json\/wp\/v2\/posts\/68782","targetHints":{"allow":["GET"]}}],"collection":[{"href":"https:\/\/linitiative.ca\/International\/wp-json\/wp\/v2\/posts"}],"about":[{"href":"https:\/\/linitiative.ca\/International\/wp-json\/wp\/v2\/types\/post"}],"author":[{"embeddable":true,"href":"https:\/\/linitiative.ca\/International\/wp-json\/wp\/v2\/users\/1738"}],"replies":[{"embeddable":true,"href":"https:\/\/linitiative.ca\/International\/wp-json\/wp\/v2\/comments?post=68782"}],"version-history":[{"count":0,"href":"https:\/\/linitiative.ca\/International\/wp-json\/wp\/v2\/posts\/68782\/revisions"}],"wp:featuredmedia":[{"embeddable":true,"href":"https:\/\/linitiative.ca\/International\/wp-json\/"}],"wp:attachment":[{"href":"https:\/\/linitiative.ca\/International\/wp-json\/wp\/v2\/media?parent=68782"}],"wp:term":[{"taxonomy":"category","embeddable":true,"href":"https:\/\/linitiative.ca\/International\/wp-json\/wp\/v2\/categories?post=68782"},{"taxonomy":"post_tag","embeddable":true,"href":"https:\/\/linitiative.ca\/International\/wp-json\/wp\/v2\/tags?post=68782"}],"curies":[{"name":"wp","href":"https:\/\/api.w.org\/{rel}","templated":true}]}}