{"id":68784,"date":"2019-11-28T15:14:27","date_gmt":"2019-11-28T20:14:27","guid":{"rendered":"https:\/\/linitiative.ca\/International\/international-juventus-retournement-de-situation-pour-dybala\/"},"modified":"2019-11-28T15:14:27","modified_gmt":"2019-11-28T20:14:27","slug":"international-juventus-retournement-de-situation-pour-dybala","status":"publish","type":"post","link":"https:\/\/linitiative.ca\/International\/international-juventus-retournement-de-situation-pour-dybala\/","title":{"rendered":"International : Juventus : Retournement de situation pour Dybala ?"},"content":{"rendered":"<div readability=\"32\">\n<p>Auteur : <span class=\"time\">jeudi 28 novembre 2019 17:30<\/span><\/p>\n<\/div>\n<div id=\"post_core\" readability=\"52\">\n<p>Le num\u00e9ro 10 bianconero n\u2019est pas toujours titulaire, mais se montre pr\u00e9cieux pour son \u00e9quipe. Son coup-franc direct avant-hier contre l\u2019Atletico Madrid, le seul but de la rencontre, en t\u00e9moigne. Entre la petite m\u00e9forme de Cristiano Ronaldo et un Mario Mandzukic toujour sur le d\u00e9part, les dirigeants de la Juve devraient d\u00e9cider de s\u00e9curiser leur joueur. L\u2019attaquant de 26 ans pourrait donc \u00eatre prolong\u00e9 par la\u00a0Juventus Turin\u00a0dans les semaines ou les mois \u00e0 venir.<\/p>\n<p>D&rsquo;apr\u00e8s nLes-Transferts des n\u00e9gociations seraient en cours entre les deux parties \u00e0 ce sujet. La Joya, dont le contrat court jusqu\u2019en 2022, pourrait \u00e9tendre son bail pour deux saisons suppl\u00e9mentaires, soit jusqu\u2019en juin 2024. En outre, il r\u00e9clamerait un salaire annuel de 10 millions d\u2019euros. La balle est d\u00e9sormais dans le camp des dirigeants bianconeri, et de Maurizio Sarri, qui aura son mot \u00e0 dire sur le sujet.<\/p>\n<p><strong>Publi\u00e9 dans :<\/strong> <span>Juventus Turin<\/span> <span>Dybala<\/span><\/p>\n<\/div>\n<p>Auteur:<br \/>\n<a href=\"http:\/\/www.lebuteur.com\/article\/detail?titre=juventus-retournement-de-situation-pour-dybala&#038;id=93244&#038;utm_source=feedburner&#038;utm_medium=feed&#038;utm_campaign=Feed%3A+GalerieFArtciles+%28Les+derniers+articles++-+lebuteur.com%29\">Cliquez ici pour lire l&rsquo;article depuis sa source.<\/a><\/p>\n","protected":false},"excerpt":{"rendered":"<p>Auteur : jeudi 28 novembre 2019 17:30 Le num\u00e9ro 10 bianconero n\u2019est pas toujours titulaire, mais se montre pr\u00e9cieux pour son \u00e9quipe. Son coup-franc direct avant-hier contre l\u2019Atletico Madrid, le seul but de la rencontre, en t\u00e9moigne. Entre la petite m\u00e9forme de Cristiano Ronaldo et un Mario Mandzukic toujour sur le d\u00e9part, les dirigeants de [&hellip;]<\/p>\n","protected":false},"author":1738,"featured_media":68785,"comment_status":"closed","ping_status":"closed","sticky":false,"template":"","format":"standard","meta":{"fifu_image_url":"","fifu_image_alt":"","footnotes":""},"categories":[53,75],"tags":[],"class_list":["post-68784","post","type-post","status-publish","format-standard","has-post-thumbnail","hentry","category-algerie","category-sport"],"_links":{"self":[{"href":"https:\/\/linitiative.ca\/International\/wp-json\/wp\/v2\/posts\/68784","targetHints":{"allow":["GET"]}}],"collection":[{"href":"https:\/\/linitiative.ca\/International\/wp-json\/wp\/v2\/posts"}],"about":[{"href":"https:\/\/linitiative.ca\/International\/wp-json\/wp\/v2\/types\/post"}],"author":[{"embeddable":true,"href":"https:\/\/linitiative.ca\/International\/wp-json\/wp\/v2\/users\/1738"}],"replies":[{"embeddable":true,"href":"https:\/\/linitiative.ca\/International\/wp-json\/wp\/v2\/comments?post=68784"}],"version-history":[{"count":0,"href":"https:\/\/linitiative.ca\/International\/wp-json\/wp\/v2\/posts\/68784\/revisions"}],"wp:featuredmedia":[{"embeddable":true,"href":"https:\/\/linitiative.ca\/International\/wp-json\/"}],"wp:attachment":[{"href":"https:\/\/linitiative.ca\/International\/wp-json\/wp\/v2\/media?parent=68784"}],"wp:term":[{"taxonomy":"category","embeddable":true,"href":"https:\/\/linitiative.ca\/International\/wp-json\/wp\/v2\/categories?post=68784"},{"taxonomy":"post_tag","embeddable":true,"href":"https:\/\/linitiative.ca\/International\/wp-json\/wp\/v2\/tags?post=68784"}],"curies":[{"name":"wp","href":"https:\/\/api.w.org\/{rel}","templated":true}]}}